{"id":66504,"date":"2019-07-04T09:44:56","date_gmt":"2019-07-04T09:44:56","guid":{"rendered":"https:\/\/www.imagine-conception.com\/?p=66504"},"modified":"2019-07-04T09:45:32","modified_gmt":"2019-07-04T09:45:32","slug":"amenager-decorer-terrasse","status":"publish","type":"post","link":"https:\/\/www.imagine-conception.com\/?p=66504","title":{"rendered":"Comment am\u00e9nager et d\u00e9corer sa terrasse\u00a0?"},"content":{"rendered":"<div class=\"wpb-content-wrapper\"><p>[vc_row row_height_percent=\u00a0\u00bb0&Prime; override_padding=\u00a0\u00bbyes\u00a0\u00bb h_padding=\u00a0\u00bb2&Prime; top_padding=\u00a0\u00bb3&Prime; bottom_padding=\u00a0\u00bb1&Prime; overlay_alpha=\u00a0\u00bb100&Prime; gutter_size=\u00a0\u00bb3&Prime; column_width_percent=\u00a0\u00bb100&Prime; shift_y=\u00a0\u00bb0&Prime; z_index=\u00a0\u00bb0&Prime; row_height_use_pixel=\u00a0\u00bb\u00a0\u00bb][vc_column column_width_use_pixel=\u00a0\u00bbyes\u00a0\u00bb overlay_alpha=\u00a0\u00bb50&Prime; gutter_size=\u00a0\u00bb3&Prime; medium_width=\u00a0\u00bb0&Prime; shift_x=\u00a0\u00bb0&Prime; shift_y=\u00a0\u00bb0&Prime; zoom_width=\u00a0\u00bb0&Prime; zoom_height=\u00a0\u00bb0&Prime; column_width_pixel=\u00a0\u00bb800&Prime;][vc_custom_heading]<\/p>\n<p style=\"text-align: justify;\">V\u00e9ritable lieu de vie quand les premiers rayons de soleil font leur apparition, la terrasse bien qu\u2019en ext\u00e9rieur est souvent consid\u00e9r\u00e9e comme un prolongement de l\u2019int\u00e9rieur, agenc\u00e9e telle une nouvelle pi\u00e8ce de la maison et meubl\u00e9e comme un vrai salon. On vous donne ici nos meilleurs conseils pour l\u2019am\u00e9nager et la d\u00e9corer avec style.<\/p>\n<p>[\/vc_custom_heading][\/vc_column][\/vc_row][vc_row unlock_row=\u00a0\u00bb\u00a0\u00bb row_height_percent=\u00a0\u00bb0&Prime; override_padding=\u00a0\u00bbyes\u00a0\u00bb h_padding=\u00a0\u00bb2&Prime; top_padding=\u00a0\u00bb3&Prime; bottom_padding=\u00a0\u00bb3&Prime; overlay_alpha=\u00a0\u00bb100&Prime; gutter_size=\u00a0\u00bb3&Prime; shift_y=\u00a0\u00bb0&Prime; row_height_use_pixel=\u00a0\u00bb\u00a0\u00bb][vc_column column_width_use_pixel=\u00a0\u00bbyes\u00a0\u00bb overlay_alpha=\u00a0\u00bb50&Prime; gutter_size=\u00a0\u00bb3&Prime; medium_width=\u00a0\u00bb0&Prime; shift_x=\u00a0\u00bb0&Prime; shift_y=\u00a0\u00bb0&Prime; zoom_width=\u00a0\u00bb0&Prime; zoom_height=\u00a0\u00bb0&Prime; column_width_pixel=\u00a0\u00bb800&Prime;][vc_custom_heading heading_semantic=\u00a0\u00bbh3&Prime;]Le choix du mobilier de jardin, une \u00e9tape essentielle[\/vc_custom_heading][vc_custom_heading heading_semantic=\u00a0\u00bbp\u00a0\u00bb text_size=\u00a0\u00bb\u00a0\u00bb]<\/p>\n<p style=\"text-align: justify;\">La mani\u00e8re dont vous allez meubler ce que l\u2019on pourrait appeler le prolongement de votre int\u00e9rieur est la cl\u00e9 d\u2019un am\u00e9nagement et d\u2019une ambiance r\u00e9ussie.<\/p>\n<p style=\"text-align: justify;\">Si votre terrasse est de taille r\u00e9duite, optez plut\u00f4t pour un mobilier de jardin \u00e9pur\u00e9, aux lignes fines et pourquoi pas repliable pour profiter de l\u2019espace. Si au contraire votre terrasse est vaste, alors vous pouvez tout vous permettre et meubler cet espace comme bon vous semble et vous inspire.<\/p>\n<p style=\"text-align: justify;\">Pour fa\u00e7onner l\u2019ambiance, n\u2019h\u00e9sitez pas \u00e0 la meubler comme un vrai salon d\u2019ext\u00e9rieur. Cela passe par une table et des chaises mais \u00e9galement par un canap\u00e9, un banc, ou un fauteuil suspendu. Donnez ensuite le ton avec les accessoires\u00a0: plantes, tapis d\u2019ext\u00e9rieur, bougies, lampions ou guirlandes lumineuses.<\/p>\n<p style=\"text-align: justify;\">Des mat\u00e9riaux phares pour souligner l\u2019espace<\/p>\n<p style=\"text-align: justify;\">C\u00f4t\u00e9 mat\u00e9riaux, le bois a encore et toujours la cote pour les terrasses. Privil\u00e9giez le bois teck qui r\u00e9siste aux intemp\u00e9ries et reste en place pendant l\u2019hiver. Les cannisses en bois ou en paille sont aussi vos meilleures alli\u00e9es pour vous cacher du soleil.<\/p>\n<p style=\"text-align: justify;\">Depuis quelques saisons, le b\u00e9ton est \u00e9galement en vogue pour des terrasses plus brutes et monochromes. La duret\u00e9 et froideur de ce mat\u00e9riau mettent en valeur la piscine et permettent de donner du caract\u00e8re \u00e0 l\u2019espace.<\/p>\n<p>[\/vc_custom_heading][\/vc_column][\/vc_row][vc_row][vc_column width=\u00a0\u00bb1\/1&Prime;][vc_single_image media=\u00a0\u00bb66506&Prime; caption=\u00a0\u00bbyes\u00a0\u00bb media_width_percent=\u00a0\u00bb100&Prime;][\/vc_column][\/vc_row][vc_row unlock_row=\u00a0\u00bb\u00a0\u00bb row_height_percent=\u00a0\u00bb0&Prime; override_padding=\u00a0\u00bbyes\u00a0\u00bb h_padding=\u00a0\u00bb2&Prime; top_padding=\u00a0\u00bb3&Prime; bottom_padding=\u00a0\u00bb3&Prime; overlay_alpha=\u00a0\u00bb100&Prime; gutter_size=\u00a0\u00bb3&Prime; shift_y=\u00a0\u00bb0&Prime; row_height_use_pixel=\u00a0\u00bb\u00a0\u00bb][vc_column column_width_use_pixel=\u00a0\u00bbyes\u00a0\u00bb overlay_alpha=\u00a0\u00bb50&Prime; gutter_size=\u00a0\u00bb3&Prime; medium_width=\u00a0\u00bb0&Prime; shift_x=\u00a0\u00bb0&Prime; shift_y=\u00a0\u00bb0&Prime; zoom_width=\u00a0\u00bb0&Prime; zoom_height=\u00a0\u00bb0&Prime; column_width_pixel=\u00a0\u00bb800&Prime;][vc_custom_heading heading_semantic=\u00a0\u00bbh4&Prime;]Un am\u00e9nagement ing\u00e9nieux pour dessiner les espaces[\/vc_custom_heading][vc_custom_heading heading_semantic=\u00a0\u00bbp\u00a0\u00bb text_size=\u00a0\u00bb\u00a0\u00bb]<\/p>\n<p style=\"text-align: justify;\">L\u2019essentiel dans l\u2019am\u00e9nagement de votre terrasse r\u00e9side dans votre capacit\u00e9 \u00e0 d\u00e9limiter et cr\u00e9er des espaces.<\/p>\n<p style=\"text-align: justify;\">Un bar de terrasse \u00e0 c\u00f4t\u00e9 du barbecue et de la table viendra cr\u00e9er un petit espace \u00ab\u00a0cuisine\u00a0\u00bb s\u00e9par\u00e9 du salon de jardin et de la piscine.<\/p>\n<p style=\"text-align: justify;\">Un abri ou une pergola par-dessus la table et les chaises d\u00e9limitera l\u2019espace \u00ab\u00a0repas\u00a0\u00bb de l\u2019espace plus \u00ab\u00a0d\u00e9tente\u00a0\u00bb du c\u00f4t\u00e9 du jardin et de la piscine.<\/p>\n<p style=\"text-align: justify;\">Les plantes et arbres sont \u00e9galement tr\u00e8s en vogue pour dessiner les espaces. V\u00e9ritables brise vue v\u00e9g\u00e9taux, ils permettent de distinguer l\u2019espace repas de l\u2019espace repos.<\/p>\n<p>[\/vc_custom_heading][\/vc_column][\/vc_row][vc_row][vc_column width=\u00a0\u00bb1\/1&Prime;][vc_single_image media=\u00a0\u00bb66508&Prime; caption=\u00a0\u00bbyes\u00a0\u00bb media_width_percent=\u00a0\u00bb100&Prime;][\/vc_column][\/vc_row][vc_row unlock_row=\u00a0\u00bb\u00a0\u00bb row_height_percent=\u00a0\u00bb0&Prime; override_padding=\u00a0\u00bbyes\u00a0\u00bb h_padding=\u00a0\u00bb2&Prime; top_padding=\u00a0\u00bb3&Prime; bottom_padding=\u00a0\u00bb3&Prime; overlay_alpha=\u00a0\u00bb100&Prime; gutter_size=\u00a0\u00bb3&Prime; shift_y=\u00a0\u00bb0&Prime; row_height_use_pixel=\u00a0\u00bb\u00a0\u00bb][vc_column column_width_use_pixel=\u00a0\u00bbyes\u00a0\u00bb overlay_alpha=\u00a0\u00bb50&Prime; gutter_size=\u00a0\u00bb3&Prime; medium_width=\u00a0\u00bb0&Prime; shift_x=\u00a0\u00bb0&Prime; shift_y=\u00a0\u00bb0&Prime; zoom_width=\u00a0\u00bb0&Prime; zoom_height=\u00a0\u00bb0&Prime; column_width_pixel=\u00a0\u00bb800&Prime;][vc_custom_heading heading_semantic=\u00a0\u00bbh5&Prime;]Quelles tendances cette saison\u00a0?[\/vc_custom_heading][vc_custom_heading heading_semantic=\u00a0\u00bbp\u00a0\u00bb text_size=\u00a0\u00bb\u00a0\u00bb]<\/p>\n<p style=\"text-align: justify;\">On remarquera une tendance ax\u00e9e sur le monochrome b\u00e9ton qui est tr\u00e8s en vogue cet \u00e9t\u00e9 gr\u00e2ce \u00e0 ses lignes brutes et authentiques. Associ\u00e9 \u00e0 une d\u00e9coration minimaliste, il donne un v\u00e9ritable cachet \u00e0 la terrasse.<\/p>\n<p style=\"text-align: justify;\">Le naturel fait \u00e9galement fureur. Le cannage, le rotin et le bois sont \u00e9norm\u00e9ment pr\u00e9sents sur les meubles et les \u00e9l\u00e9ments de d\u00e9coration. On retrouve de la verdure un petit peu partout, avec les plantes mais pas seulement. La multiplication des textiles, notamment avec des coussins, des voilages, des tapis d\u2019ext\u00e9rieurs souligne cette ambiance cosy de plus en plus pr\u00e9sente sur les terrasses cet \u00e9t\u00e9.<\/p>\n<p style=\"text-align: justify;\">N\u2019h\u00e9sitez pas \u00e0 vous faire aider par un architecte comme Imagine Conception pour vos projets d\u2019am\u00e9nagement de terrasse\u00a0!<\/p>\n<p>[\/vc_custom_heading][\/vc_column][\/vc_row][vc_row][vc_column width=\u00a0\u00bb1\/1&Prime;][vc_single_image media=\u00a0\u00bb66509&Prime; caption=\u00a0\u00bbyes\u00a0\u00bb media_width_percent=\u00a0\u00bb100&Prime;][\/vc_column][\/vc_row]<\/p>\n<\/div>","protected":false},"excerpt":{"rendered":"<p>On vous donne nos meilleurs conseils ici !<\/p>\n","protected":false},"author":1,"featured_media":66506,"comment_status":"closed","ping_status":"open","sticky":false,"template":"","format":"standard","meta":{"footnotes":""},"categories":[102,120],"tags":[114,123,126,127],"class_list":["post-66504","post","type-post","status-publish","format-standard","has-post-thumbnail","hentry","category-architecture","category-tendances","tag-deco","tag-conseil","tag-chambre","tag-terrasses"],"yoast_head":"<!-- This site is optimized with the Yoast SEO plugin v27.2 - https:\/\/yoast.com\/product\/yoast-seo-wordpress\/ -->\n<title>Comment am\u00e9nager et d\u00e9corer sa terrasse\u00a0? - Imagine Conception<\/title>\n<meta name=\"description\" content=\"Les s\u00e9niors et l&#039;architecture : la volont\u00e9 de vieillir le plus longtemps \u00e0 domicile a fait exploser le march\u00e9 de l\u2019adaptation du logement ...\" \/>\n<meta name=\"robots\" content=\"index, follow, max-snippet:-1, max-image-preview:large, max-video-preview:-1\" \/>\n<link rel=\"canonical\" href=\"https:\/\/www.imagine-conception.com\/?p=66504\" \/>\n<meta property=\"og:locale\" content=\"fr_FR\" \/>\n<meta property=\"og:type\" content=\"article\" \/>\n<meta property=\"og:title\" content=\"Comment am\u00e9nager et d\u00e9corer sa terrasse\u00a0? - Imagine Conception\" \/>\n<meta property=\"og:description\" content=\"Les s\u00e9niors et l&#039;architecture : la volont\u00e9 de vieillir le plus longtemps \u00e0 domicile a fait exploser le march\u00e9 de l\u2019adaptation du logement ...\" \/>\n<meta property=\"og:url\" content=\"https:\/\/www.imagine-conception.com\/?p=66504\" \/>\n<meta property=\"og:site_name\" content=\"Imagine Conception\" \/>\n<meta property=\"article:publisher\" content=\"https:\/\/www.facebook.com\/ImagineConception\/\" \/>\n<meta property=\"article:published_time\" content=\"2019-07-04T09:44:56+00:00\" \/>\n<meta property=\"article:modified_time\" content=\"2019-07-04T09:45:32+00:00\" \/>\n<meta property=\"og:image\" content=\"https:\/\/www.imagine-conception.com\/wp-content\/uploads\/2019\/07\/decoration-terrasse-toulouse.jpeg\" \/>\n\t<meta property=\"og:image:width\" content=\"1351\" \/>\n\t<meta property=\"og:image:height\" content=\"901\" \/>\n\t<meta property=\"og:image:type\" content=\"image\/jpeg\" \/>\n<meta name=\"author\" content=\"L&#039;\u00e9quipe Imagine Conception\" \/>\n<meta name=\"twitter:card\" content=\"summary_large_image\" \/>\n<meta name=\"twitter:label1\" content=\"\u00c9crit par\" \/>\n\t<meta name=\"twitter:data1\" content=\"L&#039;\u00e9quipe Imagine Conception\" \/>\n\t<meta name=\"twitter:label2\" content=\"Dur\u00e9e de lecture estim\u00e9e\" \/>\n\t<meta name=\"twitter:data2\" content=\"5 minutes\" \/>\n<script type=\"application\/ld+json\" class=\"yoast-schema-graph\">{\"@context\":\"https:\/\/schema.org\",\"@graph\":[{\"@type\":\"Article\",\"@id\":\"https:\/\/www.imagine-conception.com\/?p=66504#article\",\"isPartOf\":{\"@id\":\"https:\/\/www.imagine-conception.com\/?p=66504\"},\"author\":{\"name\":\"L'\u00e9quipe Imagine Conception\",\"@id\":\"https:\/\/www.imagine-conception.com\/#\/schema\/person\/106a7973407f50d435a2b4ed01f2adb5\"},\"headline\":\"Comment am\u00e9nager et d\u00e9corer sa terrasse\u00a0?\",\"datePublished\":\"2019-07-04T09:44:56+00:00\",\"dateModified\":\"2019-07-04T09:45:32+00:00\",\"mainEntityOfPage\":{\"@id\":\"https:\/\/www.imagine-conception.com\/?p=66504\"},\"wordCount\":918,\"publisher\":{\"@id\":\"https:\/\/www.imagine-conception.com\/#organization\"},\"image\":{\"@id\":\"https:\/\/www.imagine-conception.com\/?p=66504#primaryimage\"},\"thumbnailUrl\":\"https:\/\/www.imagine-conception.com\/wp-content\/uploads\/2019\/07\/decoration-terrasse-toulouse.jpeg\",\"keywords\":[\"D\u00e9co\",\"Conseil\",\"chambre\",\"terrasses\"],\"articleSection\":[\"Architecture\",\"Tendances\"],\"inLanguage\":\"fr-FR\"},{\"@type\":\"WebPage\",\"@id\":\"https:\/\/www.imagine-conception.com\/?p=66504\",\"url\":\"https:\/\/www.imagine-conception.com\/?p=66504\",\"name\":\"Comment am\u00e9nager et d\u00e9corer sa terrasse\u00a0? - Imagine Conception\",\"isPartOf\":{\"@id\":\"https:\/\/www.imagine-conception.com\/#website\"},\"primaryImageOfPage\":{\"@id\":\"https:\/\/www.imagine-conception.com\/?p=66504#primaryimage\"},\"image\":{\"@id\":\"https:\/\/www.imagine-conception.com\/?p=66504#primaryimage\"},\"thumbnailUrl\":\"https:\/\/www.imagine-conception.com\/wp-content\/uploads\/2019\/07\/decoration-terrasse-toulouse.jpeg\",\"datePublished\":\"2019-07-04T09:44:56+00:00\",\"dateModified\":\"2019-07-04T09:45:32+00:00\",\"description\":\"Les s\u00e9niors et l'architecture : la volont\u00e9 de vieillir le plus longtemps \u00e0 domicile a fait exploser le march\u00e9 de l\u2019adaptation du logement ...\",\"breadcrumb\":{\"@id\":\"https:\/\/www.imagine-conception.com\/?p=66504#breadcrumb\"},\"inLanguage\":\"fr-FR\",\"potentialAction\":[{\"@type\":\"ReadAction\",\"target\":[\"https:\/\/www.imagine-conception.com\/?p=66504\"]}]},{\"@type\":\"ImageObject\",\"inLanguage\":\"fr-FR\",\"@id\":\"https:\/\/www.imagine-conception.com\/?p=66504#primaryimage\",\"url\":\"https:\/\/www.imagine-conception.com\/wp-content\/uploads\/2019\/07\/decoration-terrasse-toulouse.jpeg\",\"contentUrl\":\"https:\/\/www.imagine-conception.com\/wp-content\/uploads\/2019\/07\/decoration-terrasse-toulouse.jpeg\",\"width\":1351,\"height\":901},{\"@type\":\"BreadcrumbList\",\"@id\":\"https:\/\/www.imagine-conception.com\/?p=66504#breadcrumb\",\"itemListElement\":[{\"@type\":\"ListItem\",\"position\":1,\"name\":\"Accueil\",\"item\":\"https:\/\/www.imagine-conception.com\/\"},{\"@type\":\"ListItem\",\"position\":2,\"name\":\"Comment am\u00e9nager et d\u00e9corer sa terrasse\u00a0?\"}]},{\"@type\":\"WebSite\",\"@id\":\"https:\/\/www.imagine-conception.com\/#website\",\"url\":\"https:\/\/www.imagine-conception.com\/\",\"name\":\"Imagine Conception\",\"description\":\"Architecte d&#039;int\u00e9rieur \u00e0 Toulouse\",\"publisher\":{\"@id\":\"https:\/\/www.imagine-conception.com\/#organization\"},\"potentialAction\":[{\"@type\":\"SearchAction\",\"target\":{\"@type\":\"EntryPoint\",\"urlTemplate\":\"https:\/\/www.imagine-conception.com\/?s={search_term_string}\"},\"query-input\":{\"@type\":\"PropertyValueSpecification\",\"valueRequired\":true,\"valueName\":\"search_term_string\"}}],\"inLanguage\":\"fr-FR\"},{\"@type\":\"Organization\",\"@id\":\"https:\/\/www.imagine-conception.com\/#organization\",\"name\":\"Imagine Conception\",\"url\":\"https:\/\/www.imagine-conception.com\/\",\"logo\":{\"@type\":\"ImageObject\",\"inLanguage\":\"fr-FR\",\"@id\":\"https:\/\/www.imagine-conception.com\/#\/schema\/logo\/image\/\",\"url\":\"https:\/\/www.imagine-conception.com\/wp-content\/uploads\/2018\/03\/imagine-conception-logo-noir.svg\",\"contentUrl\":\"https:\/\/www.imagine-conception.com\/wp-content\/uploads\/2018\/03\/imagine-conception-logo-noir.svg\",\"width\":1627485,\"height\":247029,\"caption\":\"Imagine Conception\"},\"image\":{\"@id\":\"https:\/\/www.imagine-conception.com\/#\/schema\/logo\/image\/\"},\"sameAs\":[\"https:\/\/www.facebook.com\/ImagineConception\/\",\"https:\/\/www.instagram.com\/imagine_conception\/\",\"https:\/\/fr.linkedin.com\/company\/imagine-conception\"]},{\"@type\":\"Person\",\"@id\":\"https:\/\/www.imagine-conception.com\/#\/schema\/person\/106a7973407f50d435a2b4ed01f2adb5\",\"name\":\"L'\u00e9quipe Imagine Conception\",\"image\":{\"@type\":\"ImageObject\",\"inLanguage\":\"fr-FR\",\"@id\":\"https:\/\/secure.gravatar.com\/avatar\/7904878d84986fb0e542588418e777dbe693354056fabdc098933410a9562529?s=96&d=mm&r=g\",\"url\":\"https:\/\/secure.gravatar.com\/avatar\/7904878d84986fb0e542588418e777dbe693354056fabdc098933410a9562529?s=96&d=mm&r=g\",\"contentUrl\":\"https:\/\/secure.gravatar.com\/avatar\/7904878d84986fb0e542588418e777dbe693354056fabdc098933410a9562529?s=96&d=mm&r=g\",\"caption\":\"L'\u00e9quipe Imagine Conception\"},\"url\":\"https:\/\/www.imagine-conception.com\/?author=1\"}]}<\/script>\n<!-- \/ Yoast SEO plugin. -->","yoast_head_json":{"title":"Comment am\u00e9nager et d\u00e9corer sa terrasse\u00a0? - Imagine Conception","description":"Les s\u00e9niors et l'architecture : la volont\u00e9 de vieillir le plus longtemps \u00e0 domicile a fait exploser le march\u00e9 de l\u2019adaptation du logement ...","robots":{"index":"index","follow":"follow","max-snippet":"max-snippet:-1","max-image-preview":"max-image-preview:large","max-video-preview":"max-video-preview:-1"},"canonical":"https:\/\/www.imagine-conception.com\/?p=66504","og_locale":"fr_FR","og_type":"article","og_title":"Comment am\u00e9nager et d\u00e9corer sa terrasse\u00a0? - Imagine Conception","og_description":"Les s\u00e9niors et l'architecture : la volont\u00e9 de vieillir le plus longtemps \u00e0 domicile a fait exploser le march\u00e9 de l\u2019adaptation du logement ...","og_url":"https:\/\/www.imagine-conception.com\/?p=66504","og_site_name":"Imagine Conception","article_publisher":"https:\/\/www.facebook.com\/ImagineConception\/","article_published_time":"2019-07-04T09:44:56+00:00","article_modified_time":"2019-07-04T09:45:32+00:00","og_image":[{"width":1351,"height":901,"url":"https:\/\/www.imagine-conception.com\/wp-content\/uploads\/2019\/07\/decoration-terrasse-toulouse.jpeg","type":"image\/jpeg"}],"author":"L'\u00e9quipe Imagine Conception","twitter_card":"summary_large_image","twitter_misc":{"\u00c9crit par":"L'\u00e9quipe Imagine Conception","Dur\u00e9e de lecture estim\u00e9e":"5 minutes"},"schema":{"@context":"https:\/\/schema.org","@graph":[{"@type":"Article","@id":"https:\/\/www.imagine-conception.com\/?p=66504#article","isPartOf":{"@id":"https:\/\/www.imagine-conception.com\/?p=66504"},"author":{"name":"L'\u00e9quipe Imagine Conception","@id":"https:\/\/www.imagine-conception.com\/#\/schema\/person\/106a7973407f50d435a2b4ed01f2adb5"},"headline":"Comment am\u00e9nager et d\u00e9corer sa terrasse\u00a0?","datePublished":"2019-07-04T09:44:56+00:00","dateModified":"2019-07-04T09:45:32+00:00","mainEntityOfPage":{"@id":"https:\/\/www.imagine-conception.com\/?p=66504"},"wordCount":918,"publisher":{"@id":"https:\/\/www.imagine-conception.com\/#organization"},"image":{"@id":"https:\/\/www.imagine-conception.com\/?p=66504#primaryimage"},"thumbnailUrl":"https:\/\/www.imagine-conception.com\/wp-content\/uploads\/2019\/07\/decoration-terrasse-toulouse.jpeg","keywords":["D\u00e9co","Conseil","chambre","terrasses"],"articleSection":["Architecture","Tendances"],"inLanguage":"fr-FR"},{"@type":"WebPage","@id":"https:\/\/www.imagine-conception.com\/?p=66504","url":"https:\/\/www.imagine-conception.com\/?p=66504","name":"Comment am\u00e9nager et d\u00e9corer sa terrasse\u00a0? - Imagine Conception","isPartOf":{"@id":"https:\/\/www.imagine-conception.com\/#website"},"primaryImageOfPage":{"@id":"https:\/\/www.imagine-conception.com\/?p=66504#primaryimage"},"image":{"@id":"https:\/\/www.imagine-conception.com\/?p=66504#primaryimage"},"thumbnailUrl":"https:\/\/www.imagine-conception.com\/wp-content\/uploads\/2019\/07\/decoration-terrasse-toulouse.jpeg","datePublished":"2019-07-04T09:44:56+00:00","dateModified":"2019-07-04T09:45:32+00:00","description":"Les s\u00e9niors et l'architecture : la volont\u00e9 de vieillir le plus longtemps \u00e0 domicile a fait exploser le march\u00e9 de l\u2019adaptation du logement ...","breadcrumb":{"@id":"https:\/\/www.imagine-conception.com\/?p=66504#breadcrumb"},"inLanguage":"fr-FR","potentialAction":[{"@type":"ReadAction","target":["https:\/\/www.imagine-conception.com\/?p=66504"]}]},{"@type":"ImageObject","inLanguage":"fr-FR","@id":"https:\/\/www.imagine-conception.com\/?p=66504#primaryimage","url":"https:\/\/www.imagine-conception.com\/wp-content\/uploads\/2019\/07\/decoration-terrasse-toulouse.jpeg","contentUrl":"https:\/\/www.imagine-conception.com\/wp-content\/uploads\/2019\/07\/decoration-terrasse-toulouse.jpeg","width":1351,"height":901},{"@type":"BreadcrumbList","@id":"https:\/\/www.imagine-conception.com\/?p=66504#breadcrumb","itemListElement":[{"@type":"ListItem","position":1,"name":"Accueil","item":"https:\/\/www.imagine-conception.com\/"},{"@type":"ListItem","position":2,"name":"Comment am\u00e9nager et d\u00e9corer sa terrasse\u00a0?"}]},{"@type":"WebSite","@id":"https:\/\/www.imagine-conception.com\/#website","url":"https:\/\/www.imagine-conception.com\/","name":"Imagine Conception","description":"Architecte d&#039;int\u00e9rieur \u00e0 Toulouse","publisher":{"@id":"https:\/\/www.imagine-conception.com\/#organization"},"potentialAction":[{"@type":"SearchAction","target":{"@type":"EntryPoint","urlTemplate":"https:\/\/www.imagine-conception.com\/?s={search_term_string}"},"query-input":{"@type":"PropertyValueSpecification","valueRequired":true,"valueName":"search_term_string"}}],"inLanguage":"fr-FR"},{"@type":"Organization","@id":"https:\/\/www.imagine-conception.com\/#organization","name":"Imagine Conception","url":"https:\/\/www.imagine-conception.com\/","logo":{"@type":"ImageObject","inLanguage":"fr-FR","@id":"https:\/\/www.imagine-conception.com\/#\/schema\/logo\/image\/","url":"https:\/\/www.imagine-conception.com\/wp-content\/uploads\/2018\/03\/imagine-conception-logo-noir.svg","contentUrl":"https:\/\/www.imagine-conception.com\/wp-content\/uploads\/2018\/03\/imagine-conception-logo-noir.svg","width":1627485,"height":247029,"caption":"Imagine Conception"},"image":{"@id":"https:\/\/www.imagine-conception.com\/#\/schema\/logo\/image\/"},"sameAs":["https:\/\/www.facebook.com\/ImagineConception\/","https:\/\/www.instagram.com\/imagine_conception\/","https:\/\/fr.linkedin.com\/company\/imagine-conception"]},{"@type":"Person","@id":"https:\/\/www.imagine-conception.com\/#\/schema\/person\/106a7973407f50d435a2b4ed01f2adb5","name":"L'\u00e9quipe Imagine Conception","image":{"@type":"ImageObject","inLanguage":"fr-FR","@id":"https:\/\/secure.gravatar.com\/avatar\/7904878d84986fb0e542588418e777dbe693354056fabdc098933410a9562529?s=96&d=mm&r=g","url":"https:\/\/secure.gravatar.com\/avatar\/7904878d84986fb0e542588418e777dbe693354056fabdc098933410a9562529?s=96&d=mm&r=g","contentUrl":"https:\/\/secure.gravatar.com\/avatar\/7904878d84986fb0e542588418e777dbe693354056fabdc098933410a9562529?s=96&d=mm&r=g","caption":"L'\u00e9quipe Imagine Conception"},"url":"https:\/\/www.imagine-conception.com\/?author=1"}]}},"_links":{"self":[{"href":"https:\/\/www.imagine-conception.com\/index.php?rest_route=\/wp\/v2\/posts\/66504","targetHints":{"allow":["GET"]}}],"collection":[{"href":"https:\/\/www.imagine-conception.com\/index.php?rest_route=\/wp\/v2\/posts"}],"about":[{"href":"https:\/\/www.imagine-conception.com\/index.php?rest_route=\/wp\/v2\/types\/post"}],"author":[{"embeddable":true,"href":"https:\/\/www.imagine-conception.com\/index.php?rest_route=\/wp\/v2\/users\/1"}],"replies":[{"embeddable":true,"href":"https:\/\/www.imagine-conception.com\/index.php?rest_route=%2Fwp%2Fv2%2Fcomments&post=66504"}],"version-history":[{"count":3,"href":"https:\/\/www.imagine-conception.com\/index.php?rest_route=\/wp\/v2\/posts\/66504\/revisions"}],"predecessor-version":[{"id":66511,"href":"https:\/\/www.imagine-conception.com\/index.php?rest_route=\/wp\/v2\/posts\/66504\/revisions\/66511"}],"wp:featuredmedia":[{"embeddable":true,"href":"https:\/\/www.imagine-conception.com\/index.php?rest_route=\/wp\/v2\/media\/66506"}],"wp:attachment":[{"href":"https:\/\/www.imagine-conception.com\/index.php?rest_route=%2Fwp%2Fv2%2Fmedia&parent=66504"}],"wp:term":[{"taxonomy":"category","embeddable":true,"href":"https:\/\/www.imagine-conception.com\/index.php?rest_route=%2Fwp%2Fv2%2Fcategories&post=66504"},{"taxonomy":"post_tag","embeddable":true,"href":"https:\/\/www.imagine-conception.com\/index.php?rest_route=%2Fwp%2Fv2%2Ftags&post=66504"}],"curies":[{"name":"wp","href":"https:\/\/api.w.org\/{rel}","templated":true}]}}