{"id":66394,"date":"2019-05-14T14:46:38","date_gmt":"2019-05-14T14:46:38","guid":{"rendered":"https:\/\/www.imagine-conception.com\/?p=66394"},"modified":"2019-05-14T15:55:21","modified_gmt":"2019-05-14T15:55:21","slug":"organiser-son-entree","status":"publish","type":"post","link":"https:\/\/www.imagine-conception.com\/?p=66394","title":{"rendered":"Comment organiser son entr\u00e9e de mani\u00e8re fonctionnelle\u00a0?"},"content":{"rendered":"<div class=\"wpb-content-wrapper\"><p>[vc_row row_height_percent=\u00a0\u00bb0&Prime; override_padding=\u00a0\u00bbyes\u00a0\u00bb h_padding=\u00a0\u00bb2&Prime; top_padding=\u00a0\u00bb3&Prime; bottom_padding=\u00a0\u00bb1&Prime; overlay_alpha=\u00a0\u00bb100&Prime; gutter_size=\u00a0\u00bb3&Prime; column_width_percent=\u00a0\u00bb100&Prime; shift_y=\u00a0\u00bb0&Prime; z_index=\u00a0\u00bb0&Prime; row_height_use_pixel=\u00a0\u00bb\u00a0\u00bb][vc_column column_width_use_pixel=\u00a0\u00bbyes\u00a0\u00bb overlay_alpha=\u00a0\u00bb50&Prime; gutter_size=\u00a0\u00bb3&Prime; medium_width=\u00a0\u00bb0&Prime; shift_x=\u00a0\u00bb0&Prime; shift_y=\u00a0\u00bb0&Prime; zoom_width=\u00a0\u00bb0&Prime; zoom_height=\u00a0\u00bb0&Prime; column_width_pixel=\u00a0\u00bb800&Prime;][vc_custom_heading]<em>\u00c9triqu\u00e9e ou spacieuse, l\u2019entr\u00e9e est cette pi\u00e8ce de passage o\u00f9 s\u2019entassent souvent manteaux, chaussures et bricoles en tout genre dans l\u2019incontournable pot pos\u00e9 sur la petite console. Mais l\u2019entr\u00e9e d\u00e9sordonn\u00e9e n\u2019est pas une fatalit\u00e9, voici nos meilleurs conseils pour rendre la v\u00f4tre fonctionnelle et organis\u00e9e.<\/em>[\/vc_custom_heading][\/vc_column][\/vc_row][vc_row unlock_row=\u00a0\u00bb\u00a0\u00bb row_height_percent=\u00a0\u00bb0&Prime; override_padding=\u00a0\u00bbyes\u00a0\u00bb h_padding=\u00a0\u00bb2&Prime; top_padding=\u00a0\u00bb2&Prime; bottom_padding=\u00a0\u00bb3&Prime; overlay_alpha=\u00a0\u00bb100&Prime; gutter_size=\u00a0\u00bb3&Prime; column_width_percent=\u00a0\u00bb100&Prime; shift_y=\u00a0\u00bb0&Prime; z_index=\u00a0\u00bb0&Prime; row_height_use_pixel=\u00a0\u00bb\u00a0\u00bb][vc_column column_width_use_pixel=\u00a0\u00bbyes\u00a0\u00bb overlay_alpha=\u00a0\u00bb50&Prime; gutter_size=\u00a0\u00bb3&Prime; medium_width=\u00a0\u00bb0&Prime; shift_x=\u00a0\u00bb0&Prime; shift_y=\u00a0\u00bb0&Prime; zoom_width=\u00a0\u00bb0&Prime; zoom_height=\u00a0\u00bb0&Prime; column_width_pixel=\u00a0\u00bb800&Prime;][vc_custom_heading heading_semantic=\u00a0\u00bbh3&Prime;]Ordonnez les rangements pour les manteaux et les chaussures[\/vc_custom_heading][vc_custom_heading heading_semantic=\u00a0\u00bbp\u00a0\u00bb text_size=\u00a0\u00bb\u00a0\u00bb]<\/p>\n<p class=\"p1\" style=\"text-align: justify;\"><span class=\"s1\">Si vous ne disposez pas d\u2019un placard pour ranger manteaux et chaussures dans votre entr\u00e9e, il est tr\u00e8s facile de cr\u00e9er un espace de rangement pour chacun d\u2019eux, et ce, m\u00eame dans une toute petite surface. <\/span><\/p>\n<p class=\"p2\" style=\"text-align: justify;\"><span class=\"s1\"> Installez des pat\u00e8res et une tringle pour accrocher vos manteaux. Sur les pat\u00e8res, posez une planche et quelques caisses de rangement pour stocker bonnets, chapeaux, parapluies etc. Enfin, sous les manteaux, installez un meuble bas dans lequel ranger vos chaussures. <\/span><\/p>\n<p class=\"p2\" style=\"text-align: justify;\"><span class=\"s1\"> Si vous disposez de plus de place dans votre entr\u00e9e, d\u2019autres rangements fonctionnels existent\u00a0tels que les bancs-caissons de rangement, les meubles \u00e0 chaussures verticaux et \u00e9troits, ou les pani\u00e8res droites pour ranger parapluies et sacs.<\/span><\/p>\n<p class=\"p2\" style=\"text-align: justify;\"><span class=\"s1\"> Egalement, veillez \u00e0 d\u00e9sencombrer votre entr\u00e9e des manteaux et chaussures que vous ne mettez pas toute l\u2019ann\u00e9e, en les rangeant dans un dressing ou dans une caisse de rangement sous votre lit par exemple.<\/span><\/p>\n<p>[\/vc_custom_heading][\/vc_column][\/vc_row][vc_row][vc_column width=\u00a0\u00bb1\/4&Prime;][\/vc_column][vc_column width=\u00a0\u00bb1\/2&Prime;][vc_raw_html]JTNDYSUyMGRhdGEtcGluLWRvJTNEJTIyZW1iZWRQaW4lMjIlMjBkYXRhLXBpbi1sYW5nJTNEJTIyZnIlMjIlMjBkYXRhLXBpbi13aWR0aCUzRCUyMmxhcmdlJTIyJTIwZGF0YS1waW4tdGVyc2UlM0QlMjJ0cnVlJTIyJTIwaHJlZiUzRCUyMmh0dHBzJTNBJTJGJTJGd3d3LnBpbnRlcmVzdC5jb20lMkZwaW4lMkZBVGJwOTRyQVhfSXdrMU1MWDdfdWdJM1VfTG5SQ09vNG9pdzFvTmpFcTMwUjdpLXFVSkwzZUhzJTJGJTIyJTNFJTNDJTJGYSUzRSUwQSUzQ3NjcmlwdCUyMGFzeW5jJTIwZGVmZXIlMjBzcmMlM0QlMjIlMkYlMkZhc3NldHMucGludGVyZXN0LmNvbSUyRmpzJTJGcGluaXQuanMlMjIlM0UlM0MlMkZzY3JpcHQlM0U=[\/vc_raw_html][\/vc_column][vc_column width=\u00a0\u00bb1\/4&Prime;][\/vc_column][\/vc_row][vc_row unlock_row=\u00a0\u00bb\u00a0\u00bb row_height_percent=\u00a0\u00bb0&Prime; override_padding=\u00a0\u00bbyes\u00a0\u00bb h_padding=\u00a0\u00bb2&Prime; top_padding=\u00a0\u00bb3&Prime; bottom_padding=\u00a0\u00bb3&Prime; overlay_alpha=\u00a0\u00bb100&Prime; gutter_size=\u00a0\u00bb3&Prime; shift_y=\u00a0\u00bb0&Prime; row_height_use_pixel=\u00a0\u00bb\u00a0\u00bb][vc_column column_width_use_pixel=\u00a0\u00bbyes\u00a0\u00bb overlay_alpha=\u00a0\u00bb50&Prime; gutter_size=\u00a0\u00bb3&Prime; medium_width=\u00a0\u00bb0&Prime; shift_x=\u00a0\u00bb0&Prime; shift_y=\u00a0\u00bb0&Prime; zoom_width=\u00a0\u00bb0&Prime; zoom_height=\u00a0\u00bb0&Prime; column_width_pixel=\u00a0\u00bb800&Prime;][vc_custom_heading heading_semantic=\u00a0\u00bbh4&Prime;]Optimisez le meuble vide-poche de l\u2019entr\u00e9e[\/vc_custom_heading][vc_custom_heading heading_semantic=\u00a0\u00bbp\u00a0\u00bb text_size=\u00a0\u00bb\u00a0\u00bb]<\/p>\n<p class=\"p2\" style=\"text-align: justify;\"><span class=\"s1\"> Ne niez pas, on a tous ce petit meuble avec la petite coupelle vide poche pos\u00e9e dessus dans notre entr\u00e9e\u00a0! Mais le d\u00e9sordre y r\u00e8gne souvent et on se perd vite dans ce tas de bricoles\u00a0!<\/span><\/p>\n<p class=\"p2\" style=\"text-align: justify;\"><span class=\"s1\"> Pour l\u2019organiser, on privil\u00e9giera dans un premier temps un meuble avec un ou plusieurs tiroirs qu\u2019on compartimentera avec des petites bannettes afin de pouvoir cat\u00e9goriser les choses \u00e0 ranger (courrier, cartes, papiers importants\u2026)<\/span><\/p>\n<p class=\"p2\" style=\"text-align: justify;\"><span class=\"s1\"> Au-dessus de ce vide poche, on pourra accrocher plusieurs crochets afin d\u2019organiser ses cl\u00e9s (maison, bureau, voiture\u2026) et un tableau magn\u00e9tique o\u00f9 accrocher les cartes de RDV, les to do lists, les photos etc.<\/span><\/p>\n<p>[\/vc_custom_heading][\/vc_column][\/vc_row][vc_row][vc_column width=\u00a0\u00bb1\/4&Prime;][\/vc_column][vc_column width=\u00a0\u00bb1\/2&Prime;][vc_raw_html]JTNDYSUyMGRhdGEtcGluLWRvJTNEJTIyZW1iZWRQaW4lMjIlMjBkYXRhLXBpbi1sYW5nJTNEJTIyZnIlMjIlMjBkYXRhLXBpbi13aWR0aCUzRCUyMmxhcmdlJTIyJTIwZGF0YS1waW4tdGVyc2UlM0QlMjJ0cnVlJTIyJTIwaHJlZiUzRCUyMmh0dHBzJTNBJTJGJTJGd3d3LnBpbnRlcmVzdC5jb20lMkZwaW4lMkY0NTYwNTk4OTk3NTA1ODU5MjklMkYlMjIlM0UlM0MlMkZhJTNFJTBBJTBBJTNDc2NyaXB0JTIwYXN5bmMlMjBkZWZlciUyMHNyYyUzRCUyMiUyRiUyRmFzc2V0cy5waW50ZXJlc3QuY29tJTJGanMlMkZwaW5pdC5qcyUyMiUzRSUzQyUyRnNjcmlwdCUzRQ==[\/vc_raw_html][\/vc_column][vc_column width=\u00a0\u00bb1\/4&Prime;][\/vc_column][\/vc_row][vc_row unlock_row=\u00a0\u00bb\u00a0\u00bb row_height_percent=\u00a0\u00bb0&Prime; override_padding=\u00a0\u00bbyes\u00a0\u00bb h_padding=\u00a0\u00bb2&Prime; top_padding=\u00a0\u00bb3&Prime; bottom_padding=\u00a0\u00bb3&Prime; overlay_alpha=\u00a0\u00bb100&Prime; gutter_size=\u00a0\u00bb3&Prime; shift_y=\u00a0\u00bb0&Prime; row_height_use_pixel=\u00a0\u00bb\u00a0\u00bb][vc_column column_width_use_pixel=\u00a0\u00bbyes\u00a0\u00bb overlay_alpha=\u00a0\u00bb50&Prime; gutter_size=\u00a0\u00bb3&Prime; medium_width=\u00a0\u00bb0&Prime; shift_x=\u00a0\u00bb0&Prime; shift_y=\u00a0\u00bb0&Prime; zoom_width=\u00a0\u00bb0&Prime; zoom_height=\u00a0\u00bb0&Prime; column_width_pixel=\u00a0\u00bb800&Prime;][vc_custom_heading heading_semantic=\u00a0\u00bbh5&Prime;]Installez des rangements annexes[\/vc_custom_heading][vc_custom_heading heading_semantic=\u00a0\u00bbp\u00a0\u00bb text_size=\u00a0\u00bb\u00a0\u00bb]<\/p>\n<p class=\"p1\" style=\"text-align: justify;\"><span class=\"s1\"> Si votre entr\u00e9e ne dispose pas de rangements int\u00e9gr\u00e9s, \u00e0 vous de les cr\u00e9er\u00a0! On peut notamment, autour de la porte d\u2019entr\u00e9e disposer tout un puzzle d\u2019\u00e9tag\u00e8res \u2013 ferm\u00e9es pour \u00e9viter l\u2019effet surcharg\u00e9.<\/span><\/p>\n<p class=\"p1\" style=\"text-align: justify;\"><span class=\"s1\"> Aussi, si vous avez un escalier, vous pouvez profiter de son soubassement pour cr\u00e9er un placard et y ranger ce que vous voulez. <\/span><\/p>\n<p>[\/vc_custom_heading][\/vc_column][\/vc_row][vc_row][vc_column width=\u00a0\u00bb1\/4&Prime;][\/vc_column][vc_column width=\u00a0\u00bb1\/2&Prime;][vc_raw_html]JTNDYSUyMGRhdGEtcGluLWRvJTNEJTIyZW1iZWRQaW4lMjIlMjBkYXRhLXBpbi1sYW5nJTNEJTIyZnIlMjIlMjBkYXRhLXBpbi13aWR0aCUzRCUyMmxhcmdlJTIyJTIwZGF0YS1waW4tdGVyc2UlM0QlMjJ0cnVlJTIyJTIwaHJlZiUzRCUyMmh0dHBzJTNBJTJGJTJGd3d3LnBpbnRlcmVzdC5jb20lMkZwaW4lMkYzMDI1ODYyODczMzUxNjIzOCUyRiUyMiUzRSUzQyUyRmElM0UlMEElMEElM0NzY3JpcHQlMjBhc3luYyUyMGRlZmVyJTIwc3JjJTNEJTIyJTJGJTJGYXNzZXRzLnBpbnRlcmVzdC5jb20lMkZqcyUyRnBpbml0LmpzJTIyJTNFJTNDJTJGc2NyaXB0JTNF[\/vc_raw_html][\/vc_column][vc_column width=\u00a0\u00bb1\/4&Prime;][\/vc_column][\/vc_row][vc_row unlock_row=\u00a0\u00bb\u00a0\u00bb row_height_percent=\u00a0\u00bb0&Prime; override_padding=\u00a0\u00bbyes\u00a0\u00bb h_padding=\u00a0\u00bb2&Prime; top_padding=\u00a0\u00bb3&Prime; bottom_padding=\u00a0\u00bb3&Prime; overlay_alpha=\u00a0\u00bb100&Prime; gutter_size=\u00a0\u00bb3&Prime; shift_y=\u00a0\u00bb0&Prime; row_height_use_pixel=\u00a0\u00bb\u00a0\u00bb][vc_column column_width_use_pixel=\u00a0\u00bbyes\u00a0\u00bb overlay_alpha=\u00a0\u00bb50&Prime; gutter_size=\u00a0\u00bb3&Prime; medium_width=\u00a0\u00bb0&Prime; shift_x=\u00a0\u00bb0&Prime; shift_y=\u00a0\u00bb0&Prime; zoom_width=\u00a0\u00bb0&Prime; zoom_height=\u00a0\u00bb0&Prime; column_width_pixel=\u00a0\u00bb800&Prime;][vc_custom_heading heading_semantic=\u00a0\u00bbh6&Prime;]Ne n\u00e9gligez pas la d\u00e9coration[\/vc_custom_heading][vc_custom_heading heading_semantic=\u00a0\u00bbp\u00a0\u00bb text_size=\u00a0\u00bb\u00a0\u00bb]<\/p>\n<p class=\"p2\" style=\"text-align: justify;\"><span class=\"s1\"> Pour que votre entr\u00e9e vous soit le plus fonctionnelle possible, ne faites pas l\u2019impasse sur la d\u00e9coration et arrangez-la \u00e0 votre go\u00fbt.<\/span><\/p>\n<p class=\"p2\" style=\"text-align: justify;\"><span class=\"s1\"> Installer un miroir vous permettra de cr\u00e9er une illusion d\u2019optique qui agrandira votre entr\u00e9e, et accessoirement de v\u00e9rifier que vous avez bien accord\u00e9 vos v\u00eatements avant de partir\u00a0!<\/span><\/p>\n<p class=\"p2\" style=\"text-align: justify;\"><span class=\"s1\"> Disposer plusieurs assises (fauteuils, poufs, bancs) accentuera \u00e9galement la fonctionnalit\u00e9 de votre entr\u00e9e car permettra aux diff\u00e9rents utilisateurs de s\u2019assoir pour mettre ou enlever leurs chaussures, poser leurs sacs etc.<\/span><\/p>\n<p>[\/vc_custom_heading][\/vc_column][\/vc_row][vc_row][vc_column width=\u00a0\u00bb1\/4&Prime;][\/vc_column][vc_column width=\u00a0\u00bb1\/2&Prime;][vc_raw_html]JTNDYSUyMGRhdGEtcGluLWRvJTNEJTIyZW1iZWRQaW4lMjIlMjBkYXRhLXBpbi1sYW5nJTNEJTIyZnIlMjIlMjBkYXRhLXBpbi13aWR0aCUzRCUyMmxhcmdlJTIyJTIwZGF0YS1waW4tdGVyc2UlM0QlMjJ0cnVlJTIyJTIwaHJlZiUzRCUyMmh0dHBzJTNBJTJGJTJGd3d3LnBpbnRlcmVzdC5jb20lMkZwaW4lMkYxOTE4MjUyNjUzNTgzNjIyMTAlMkYlMjIlM0UlM0MlMkZhJTNFJTBBJTBBJTNDc2NyaXB0JTIwYXN5bmMlMjBkZWZlciUyMHNyYyUzRCUyMiUyRiUyRmFzc2V0cy5waW50ZXJlc3QuY29tJTJGanMlMkZwaW5pdC5qcyUyMiUzRSUzQyUyRnNjcmlwdCUzRQ==[\/vc_raw_html][\/vc_column][vc_column width=\u00a0\u00bb1\/4&Prime;][\/vc_column][\/vc_row]<\/p>\n<\/div>","protected":false},"excerpt":{"rendered":"<p>\u00c9triqu\u00e9e ou spacieuse, l\u2019entr\u00e9e est cette pi\u00e8ce de passage o\u00f9 s\u2019entassent souvent manteaux, chaussures et bricoles en tout genre &#8230;<\/p>\n","protected":false},"author":1,"featured_media":66397,"comment_status":"closed","ping_status":"open","sticky":false,"template":"","format":"standard","meta":{"footnotes":""},"categories":[102,108,120],"tags":[114,123,124],"class_list":["post-66394","post","type-post","status-publish","format-standard","has-post-thumbnail","hentry","category-architecture","category-amenagement-dinterieur","category-tendances","tag-deco","tag-conseil","tag-relooking"],"yoast_head":"<!-- This site is optimized with the Yoast SEO plugin v27.2 - https:\/\/yoast.com\/product\/yoast-seo-wordpress\/ -->\n<title>Comment organiser son entr\u00e9e de mani\u00e8re fonctionnelle\u00a0? - Imagine Conception<\/title>\n<meta name=\"description\" content=\"Les s\u00e9niors et l&#039;architecture : la volont\u00e9 de vieillir le plus longtemps \u00e0 domicile a fait exploser le march\u00e9 de l\u2019adaptation du logement ...\" \/>\n<meta name=\"robots\" content=\"index, follow, max-snippet:-1, max-image-preview:large, max-video-preview:-1\" \/>\n<link rel=\"canonical\" href=\"https:\/\/www.imagine-conception.com\/?p=66394\" \/>\n<meta property=\"og:locale\" content=\"fr_FR\" \/>\n<meta property=\"og:type\" content=\"article\" \/>\n<meta property=\"og:title\" content=\"Comment organiser son entr\u00e9e de mani\u00e8re fonctionnelle\u00a0? - Imagine Conception\" \/>\n<meta property=\"og:description\" content=\"Les s\u00e9niors et l&#039;architecture : la volont\u00e9 de vieillir le plus longtemps \u00e0 domicile a fait exploser le march\u00e9 de l\u2019adaptation du logement ...\" \/>\n<meta property=\"og:url\" content=\"https:\/\/www.imagine-conception.com\/?p=66394\" \/>\n<meta property=\"og:site_name\" content=\"Imagine Conception\" \/>\n<meta property=\"article:publisher\" content=\"https:\/\/www.facebook.com\/ImagineConception\/\" \/>\n<meta property=\"article:published_time\" content=\"2019-05-14T14:46:38+00:00\" \/>\n<meta property=\"article:modified_time\" content=\"2019-05-14T15:55:21+00:00\" \/>\n<meta property=\"og:image\" content=\"https:\/\/www.imagine-conception.com\/wp-content\/uploads\/2019\/05\/amenagement-entre-maison.jpg\" \/>\n\t<meta property=\"og:image:width\" content=\"1280\" \/>\n\t<meta property=\"og:image:height\" content=\"853\" \/>\n\t<meta property=\"og:image:type\" content=\"image\/jpeg\" \/>\n<meta name=\"author\" content=\"L&#039;\u00e9quipe Imagine Conception\" \/>\n<meta name=\"twitter:card\" content=\"summary_large_image\" \/>\n<meta name=\"twitter:label1\" content=\"\u00c9crit par\" \/>\n\t<meta name=\"twitter:data1\" content=\"L&#039;\u00e9quipe Imagine Conception\" \/>\n\t<meta name=\"twitter:label2\" content=\"Dur\u00e9e de lecture estim\u00e9e\" \/>\n\t<meta name=\"twitter:data2\" content=\"6 minutes\" \/>\n<script type=\"application\/ld+json\" class=\"yoast-schema-graph\">{\"@context\":\"https:\/\/schema.org\",\"@graph\":[{\"@type\":\"Article\",\"@id\":\"https:\/\/www.imagine-conception.com\/?p=66394#article\",\"isPartOf\":{\"@id\":\"https:\/\/www.imagine-conception.com\/?p=66394\"},\"author\":{\"name\":\"L'\u00e9quipe Imagine Conception\",\"@id\":\"https:\/\/www.imagine-conception.com\/#\/schema\/person\/106a7973407f50d435a2b4ed01f2adb5\"},\"headline\":\"Comment organiser son entr\u00e9e de mani\u00e8re fonctionnelle\u00a0?\",\"datePublished\":\"2019-05-14T14:46:38+00:00\",\"dateModified\":\"2019-05-14T15:55:21+00:00\",\"mainEntityOfPage\":{\"@id\":\"https:\/\/www.imagine-conception.com\/?p=66394\"},\"wordCount\":1120,\"publisher\":{\"@id\":\"https:\/\/www.imagine-conception.com\/#organization\"},\"image\":{\"@id\":\"https:\/\/www.imagine-conception.com\/?p=66394#primaryimage\"},\"thumbnailUrl\":\"https:\/\/www.imagine-conception.com\/wp-content\/uploads\/2019\/05\/amenagement-entre-maison.jpg\",\"keywords\":[\"D\u00e9co\",\"Conseil\",\"Relooking\"],\"articleSection\":[\"Architecture\",\"Am\u00e9nagement d'int\u00e9rieur\",\"Tendances\"],\"inLanguage\":\"fr-FR\"},{\"@type\":\"WebPage\",\"@id\":\"https:\/\/www.imagine-conception.com\/?p=66394\",\"url\":\"https:\/\/www.imagine-conception.com\/?p=66394\",\"name\":\"Comment organiser son entr\u00e9e de mani\u00e8re fonctionnelle\u00a0? - Imagine Conception\",\"isPartOf\":{\"@id\":\"https:\/\/www.imagine-conception.com\/#website\"},\"primaryImageOfPage\":{\"@id\":\"https:\/\/www.imagine-conception.com\/?p=66394#primaryimage\"},\"image\":{\"@id\":\"https:\/\/www.imagine-conception.com\/?p=66394#primaryimage\"},\"thumbnailUrl\":\"https:\/\/www.imagine-conception.com\/wp-content\/uploads\/2019\/05\/amenagement-entre-maison.jpg\",\"datePublished\":\"2019-05-14T14:46:38+00:00\",\"dateModified\":\"2019-05-14T15:55:21+00:00\",\"description\":\"Les s\u00e9niors et l'architecture : la volont\u00e9 de vieillir le plus longtemps \u00e0 domicile a fait exploser le march\u00e9 de l\u2019adaptation du logement ...\",\"breadcrumb\":{\"@id\":\"https:\/\/www.imagine-conception.com\/?p=66394#breadcrumb\"},\"inLanguage\":\"fr-FR\",\"potentialAction\":[{\"@type\":\"ReadAction\",\"target\":[\"https:\/\/www.imagine-conception.com\/?p=66394\"]}]},{\"@type\":\"ImageObject\",\"inLanguage\":\"fr-FR\",\"@id\":\"https:\/\/www.imagine-conception.com\/?p=66394#primaryimage\",\"url\":\"https:\/\/www.imagine-conception.com\/wp-content\/uploads\/2019\/05\/amenagement-entre-maison.jpg\",\"contentUrl\":\"https:\/\/www.imagine-conception.com\/wp-content\/uploads\/2019\/05\/amenagement-entre-maison.jpg\",\"width\":1280,\"height\":853},{\"@type\":\"BreadcrumbList\",\"@id\":\"https:\/\/www.imagine-conception.com\/?p=66394#breadcrumb\",\"itemListElement\":[{\"@type\":\"ListItem\",\"position\":1,\"name\":\"Accueil\",\"item\":\"https:\/\/www.imagine-conception.com\/\"},{\"@type\":\"ListItem\",\"position\":2,\"name\":\"Comment organiser son entr\u00e9e de mani\u00e8re fonctionnelle\u00a0?\"}]},{\"@type\":\"WebSite\",\"@id\":\"https:\/\/www.imagine-conception.com\/#website\",\"url\":\"https:\/\/www.imagine-conception.com\/\",\"name\":\"Imagine Conception\",\"description\":\"Architecte d&#039;int\u00e9rieur \u00e0 Toulouse\",\"publisher\":{\"@id\":\"https:\/\/www.imagine-conception.com\/#organization\"},\"potentialAction\":[{\"@type\":\"SearchAction\",\"target\":{\"@type\":\"EntryPoint\",\"urlTemplate\":\"https:\/\/www.imagine-conception.com\/?s={search_term_string}\"},\"query-input\":{\"@type\":\"PropertyValueSpecification\",\"valueRequired\":true,\"valueName\":\"search_term_string\"}}],\"inLanguage\":\"fr-FR\"},{\"@type\":\"Organization\",\"@id\":\"https:\/\/www.imagine-conception.com\/#organization\",\"name\":\"Imagine Conception\",\"url\":\"https:\/\/www.imagine-conception.com\/\",\"logo\":{\"@type\":\"ImageObject\",\"inLanguage\":\"fr-FR\",\"@id\":\"https:\/\/www.imagine-conception.com\/#\/schema\/logo\/image\/\",\"url\":\"https:\/\/www.imagine-conception.com\/wp-content\/uploads\/2018\/03\/imagine-conception-logo-noir.svg\",\"contentUrl\":\"https:\/\/www.imagine-conception.com\/wp-content\/uploads\/2018\/03\/imagine-conception-logo-noir.svg\",\"width\":1627485,\"height\":247029,\"caption\":\"Imagine Conception\"},\"image\":{\"@id\":\"https:\/\/www.imagine-conception.com\/#\/schema\/logo\/image\/\"},\"sameAs\":[\"https:\/\/www.facebook.com\/ImagineConception\/\",\"https:\/\/www.instagram.com\/imagine_conception\/\",\"https:\/\/fr.linkedin.com\/company\/imagine-conception\"]},{\"@type\":\"Person\",\"@id\":\"https:\/\/www.imagine-conception.com\/#\/schema\/person\/106a7973407f50d435a2b4ed01f2adb5\",\"name\":\"L'\u00e9quipe Imagine Conception\",\"image\":{\"@type\":\"ImageObject\",\"inLanguage\":\"fr-FR\",\"@id\":\"https:\/\/secure.gravatar.com\/avatar\/7904878d84986fb0e542588418e777dbe693354056fabdc098933410a9562529?s=96&d=mm&r=g\",\"url\":\"https:\/\/secure.gravatar.com\/avatar\/7904878d84986fb0e542588418e777dbe693354056fabdc098933410a9562529?s=96&d=mm&r=g\",\"contentUrl\":\"https:\/\/secure.gravatar.com\/avatar\/7904878d84986fb0e542588418e777dbe693354056fabdc098933410a9562529?s=96&d=mm&r=g\",\"caption\":\"L'\u00e9quipe Imagine Conception\"},\"url\":\"https:\/\/www.imagine-conception.com\/?author=1\"}]}<\/script>\n<!-- \/ Yoast SEO plugin. -->","yoast_head_json":{"title":"Comment organiser son entr\u00e9e de mani\u00e8re fonctionnelle\u00a0? - Imagine Conception","description":"Les s\u00e9niors et l'architecture : la volont\u00e9 de vieillir le plus longtemps \u00e0 domicile a fait exploser le march\u00e9 de l\u2019adaptation du logement ...","robots":{"index":"index","follow":"follow","max-snippet":"max-snippet:-1","max-image-preview":"max-image-preview:large","max-video-preview":"max-video-preview:-1"},"canonical":"https:\/\/www.imagine-conception.com\/?p=66394","og_locale":"fr_FR","og_type":"article","og_title":"Comment organiser son entr\u00e9e de mani\u00e8re fonctionnelle\u00a0? - Imagine Conception","og_description":"Les s\u00e9niors et l'architecture : la volont\u00e9 de vieillir le plus longtemps \u00e0 domicile a fait exploser le march\u00e9 de l\u2019adaptation du logement ...","og_url":"https:\/\/www.imagine-conception.com\/?p=66394","og_site_name":"Imagine Conception","article_publisher":"https:\/\/www.facebook.com\/ImagineConception\/","article_published_time":"2019-05-14T14:46:38+00:00","article_modified_time":"2019-05-14T15:55:21+00:00","og_image":[{"width":1280,"height":853,"url":"https:\/\/www.imagine-conception.com\/wp-content\/uploads\/2019\/05\/amenagement-entre-maison.jpg","type":"image\/jpeg"}],"author":"L'\u00e9quipe Imagine Conception","twitter_card":"summary_large_image","twitter_misc":{"\u00c9crit par":"L'\u00e9quipe Imagine Conception","Dur\u00e9e de lecture estim\u00e9e":"6 minutes"},"schema":{"@context":"https:\/\/schema.org","@graph":[{"@type":"Article","@id":"https:\/\/www.imagine-conception.com\/?p=66394#article","isPartOf":{"@id":"https:\/\/www.imagine-conception.com\/?p=66394"},"author":{"name":"L'\u00e9quipe Imagine Conception","@id":"https:\/\/www.imagine-conception.com\/#\/schema\/person\/106a7973407f50d435a2b4ed01f2adb5"},"headline":"Comment organiser son entr\u00e9e de mani\u00e8re fonctionnelle\u00a0?","datePublished":"2019-05-14T14:46:38+00:00","dateModified":"2019-05-14T15:55:21+00:00","mainEntityOfPage":{"@id":"https:\/\/www.imagine-conception.com\/?p=66394"},"wordCount":1120,"publisher":{"@id":"https:\/\/www.imagine-conception.com\/#organization"},"image":{"@id":"https:\/\/www.imagine-conception.com\/?p=66394#primaryimage"},"thumbnailUrl":"https:\/\/www.imagine-conception.com\/wp-content\/uploads\/2019\/05\/amenagement-entre-maison.jpg","keywords":["D\u00e9co","Conseil","Relooking"],"articleSection":["Architecture","Am\u00e9nagement d'int\u00e9rieur","Tendances"],"inLanguage":"fr-FR"},{"@type":"WebPage","@id":"https:\/\/www.imagine-conception.com\/?p=66394","url":"https:\/\/www.imagine-conception.com\/?p=66394","name":"Comment organiser son entr\u00e9e de mani\u00e8re fonctionnelle\u00a0? - Imagine Conception","isPartOf":{"@id":"https:\/\/www.imagine-conception.com\/#website"},"primaryImageOfPage":{"@id":"https:\/\/www.imagine-conception.com\/?p=66394#primaryimage"},"image":{"@id":"https:\/\/www.imagine-conception.com\/?p=66394#primaryimage"},"thumbnailUrl":"https:\/\/www.imagine-conception.com\/wp-content\/uploads\/2019\/05\/amenagement-entre-maison.jpg","datePublished":"2019-05-14T14:46:38+00:00","dateModified":"2019-05-14T15:55:21+00:00","description":"Les s\u00e9niors et l'architecture : la volont\u00e9 de vieillir le plus longtemps \u00e0 domicile a fait exploser le march\u00e9 de l\u2019adaptation du logement ...","breadcrumb":{"@id":"https:\/\/www.imagine-conception.com\/?p=66394#breadcrumb"},"inLanguage":"fr-FR","potentialAction":[{"@type":"ReadAction","target":["https:\/\/www.imagine-conception.com\/?p=66394"]}]},{"@type":"ImageObject","inLanguage":"fr-FR","@id":"https:\/\/www.imagine-conception.com\/?p=66394#primaryimage","url":"https:\/\/www.imagine-conception.com\/wp-content\/uploads\/2019\/05\/amenagement-entre-maison.jpg","contentUrl":"https:\/\/www.imagine-conception.com\/wp-content\/uploads\/2019\/05\/amenagement-entre-maison.jpg","width":1280,"height":853},{"@type":"BreadcrumbList","@id":"https:\/\/www.imagine-conception.com\/?p=66394#breadcrumb","itemListElement":[{"@type":"ListItem","position":1,"name":"Accueil","item":"https:\/\/www.imagine-conception.com\/"},{"@type":"ListItem","position":2,"name":"Comment organiser son entr\u00e9e de mani\u00e8re fonctionnelle\u00a0?"}]},{"@type":"WebSite","@id":"https:\/\/www.imagine-conception.com\/#website","url":"https:\/\/www.imagine-conception.com\/","name":"Imagine Conception","description":"Architecte d&#039;int\u00e9rieur \u00e0 Toulouse","publisher":{"@id":"https:\/\/www.imagine-conception.com\/#organization"},"potentialAction":[{"@type":"SearchAction","target":{"@type":"EntryPoint","urlTemplate":"https:\/\/www.imagine-conception.com\/?s={search_term_string}"},"query-input":{"@type":"PropertyValueSpecification","valueRequired":true,"valueName":"search_term_string"}}],"inLanguage":"fr-FR"},{"@type":"Organization","@id":"https:\/\/www.imagine-conception.com\/#organization","name":"Imagine Conception","url":"https:\/\/www.imagine-conception.com\/","logo":{"@type":"ImageObject","inLanguage":"fr-FR","@id":"https:\/\/www.imagine-conception.com\/#\/schema\/logo\/image\/","url":"https:\/\/www.imagine-conception.com\/wp-content\/uploads\/2018\/03\/imagine-conception-logo-noir.svg","contentUrl":"https:\/\/www.imagine-conception.com\/wp-content\/uploads\/2018\/03\/imagine-conception-logo-noir.svg","width":1627485,"height":247029,"caption":"Imagine Conception"},"image":{"@id":"https:\/\/www.imagine-conception.com\/#\/schema\/logo\/image\/"},"sameAs":["https:\/\/www.facebook.com\/ImagineConception\/","https:\/\/www.instagram.com\/imagine_conception\/","https:\/\/fr.linkedin.com\/company\/imagine-conception"]},{"@type":"Person","@id":"https:\/\/www.imagine-conception.com\/#\/schema\/person\/106a7973407f50d435a2b4ed01f2adb5","name":"L'\u00e9quipe Imagine Conception","image":{"@type":"ImageObject","inLanguage":"fr-FR","@id":"https:\/\/secure.gravatar.com\/avatar\/7904878d84986fb0e542588418e777dbe693354056fabdc098933410a9562529?s=96&d=mm&r=g","url":"https:\/\/secure.gravatar.com\/avatar\/7904878d84986fb0e542588418e777dbe693354056fabdc098933410a9562529?s=96&d=mm&r=g","contentUrl":"https:\/\/secure.gravatar.com\/avatar\/7904878d84986fb0e542588418e777dbe693354056fabdc098933410a9562529?s=96&d=mm&r=g","caption":"L'\u00e9quipe Imagine Conception"},"url":"https:\/\/www.imagine-conception.com\/?author=1"}]}},"_links":{"self":[{"href":"https:\/\/www.imagine-conception.com\/index.php?rest_route=\/wp\/v2\/posts\/66394","targetHints":{"allow":["GET"]}}],"collection":[{"href":"https:\/\/www.imagine-conception.com\/index.php?rest_route=\/wp\/v2\/posts"}],"about":[{"href":"https:\/\/www.imagine-conception.com\/index.php?rest_route=\/wp\/v2\/types\/post"}],"author":[{"embeddable":true,"href":"https:\/\/www.imagine-conception.com\/index.php?rest_route=\/wp\/v2\/users\/1"}],"replies":[{"embeddable":true,"href":"https:\/\/www.imagine-conception.com\/index.php?rest_route=%2Fwp%2Fv2%2Fcomments&post=66394"}],"version-history":[{"count":5,"href":"https:\/\/www.imagine-conception.com\/index.php?rest_route=\/wp\/v2\/posts\/66394\/revisions"}],"predecessor-version":[{"id":66411,"href":"https:\/\/www.imagine-conception.com\/index.php?rest_route=\/wp\/v2\/posts\/66394\/revisions\/66411"}],"wp:featuredmedia":[{"embeddable":true,"href":"https:\/\/www.imagine-conception.com\/index.php?rest_route=\/wp\/v2\/media\/66397"}],"wp:attachment":[{"href":"https:\/\/www.imagine-conception.com\/index.php?rest_route=%2Fwp%2Fv2%2Fmedia&parent=66394"}],"wp:term":[{"taxonomy":"category","embeddable":true,"href":"https:\/\/www.imagine-conception.com\/index.php?rest_route=%2Fwp%2Fv2%2Fcategories&post=66394"},{"taxonomy":"post_tag","embeddable":true,"href":"https:\/\/www.imagine-conception.com\/index.php?rest_route=%2Fwp%2Fv2%2Ftags&post=66394"}],"curies":[{"name":"wp","href":"https:\/\/api.w.org\/{rel}","templated":true}]}}