{"id":66109,"date":"2019-03-26T16:45:03","date_gmt":"2019-03-26T16:45:03","guid":{"rendered":"https:\/\/www.imagine-conception.com\/?p=66109"},"modified":"2019-03-26T16:48:10","modified_gmt":"2019-03-26T16:48:10","slug":"interieur-tendance-terracotta","status":"publish","type":"post","link":"https:\/\/www.imagine-conception.com\/?p=66109","title":{"rendered":"Faites du bien \u00e0 votre int\u00e9rieur avec la tendance terracotta"},"content":{"rendered":"<div class=\"wpb-content-wrapper\"><p>[vc_row row_height_percent=\u00a0\u00bb0&Prime; override_padding=\u00a0\u00bbyes\u00a0\u00bb h_padding=\u00a0\u00bb2&Prime; top_padding=\u00a0\u00bb3&Prime; bottom_padding=\u00a0\u00bb1&Prime; overlay_alpha=\u00a0\u00bb100&Prime; gutter_size=\u00a0\u00bb3&Prime; column_width_percent=\u00a0\u00bb100&Prime; shift_y=\u00a0\u00bb0&Prime; z_index=\u00a0\u00bb0&Prime; row_height_use_pixel=\u00a0\u00bb\u00a0\u00bb][vc_column column_width_use_pixel=\u00a0\u00bbyes\u00a0\u00bb overlay_alpha=\u00a0\u00bb50&Prime; gutter_size=\u00a0\u00bb3&Prime; medium_width=\u00a0\u00bb0&Prime; shift_x=\u00a0\u00bb0&Prime; shift_y=\u00a0\u00bb0&Prime; zoom_width=\u00a0\u00bb0&Prime; zoom_height=\u00a0\u00bb0&Prime; column_width_pixel=\u00a0\u00bb800&Prime;][vc_custom_heading]<em>Inscrite dans la lign\u00e9e des teintes naturelles mises \u00e0 l\u2019honneur en 2019, la couleur terracotta s\u2019impose dans les tendances et donne ce cachet authentique aux int\u00e9rieurs. <\/em><\/p>\n<p><em>Zoom sur cette couleur chaleureuse et \u00e9l\u00e9gante, \u00e0 consommer sans mod\u00e9ration.<\/em>[\/vc_custom_heading][\/vc_column][\/vc_row][vc_row unlock_row=\u00a0\u00bb\u00a0\u00bb row_height_percent=\u00a0\u00bb0&Prime; override_padding=\u00a0\u00bbyes\u00a0\u00bb h_padding=\u00a0\u00bb2&Prime; top_padding=\u00a0\u00bb1&Prime; bottom_padding=\u00a0\u00bb3&Prime; overlay_alpha=\u00a0\u00bb100&Prime; gutter_size=\u00a0\u00bb3&Prime; column_width_percent=\u00a0\u00bb100&Prime; shift_y=\u00a0\u00bb0&Prime; z_index=\u00a0\u00bb0&Prime; row_height_use_pixel=\u00a0\u00bb\u00a0\u00bb][vc_column column_width_use_pixel=\u00a0\u00bbyes\u00a0\u00bb overlay_alpha=\u00a0\u00bb50&Prime; gutter_size=\u00a0\u00bb3&Prime; medium_width=\u00a0\u00bb0&Prime; shift_x=\u00a0\u00bb0&Prime; shift_y=\u00a0\u00bb0&Prime; zoom_width=\u00a0\u00bb0&Prime; zoom_height=\u00a0\u00bb0&Prime; column_width_pixel=\u00a0\u00bb800&Prime;][vc_custom_heading heading_semantic=\u00a0\u00bbp\u00a0\u00bb text_size=\u00a0\u00bb\u00a0\u00bb]<\/p>\n<p class=\"p1\" style=\"text-align: justify;\"><span class=\"s1\">Les teintes chaudes sont \u00e0 l\u2019honneur cette ann\u00e9e et la couleur terracotta vient insuffler <b>une ambiance solaire<\/b> dans nos int\u00e9rieurs. Inspir\u00e9e des ind\u00e9modables et \u00e9l\u00e9gantes b\u00e2tisses du sud, elle \u00e9voque la terre ou la poudre de soleil et se d\u00e9cline en un sublime <b>cama\u00efeu<\/b>, id\u00e9al pour relooker votre int\u00e9rieur.<\/span><\/p>\n<p>[\/vc_custom_heading][vc_custom_heading heading_semantic=\u00a0\u00bbh3&Prime;]Quelle ambiance avec la terracotta\u00a0?[\/vc_custom_heading][vc_custom_heading heading_semantic=\u00a0\u00bbp\u00a0\u00bb text_size=\u00a0\u00bb\u00a0\u00bb]<\/p>\n<p class=\"p1\" style=\"text-align: justify;\"><span class=\"s1\">Da par ses <b>tons chauds et subtils<\/b>, la terracotta donne une <b>ambiance luxueuse et chaleureuse<\/b> \u00e0 votre int\u00e9rieur et le fait gagner en <b>caract\u00e8re<\/b>. Par <b>petites touches<\/b> de d\u00e9coration, cette teinte aux allures de rouille donnera un style \u00e9l\u00e9gant \u00e0 la pi\u00e8ce. Pour les plus audacieux qui miseraient sur un <b>total look<\/b>, elle donnera une \u00e9nergie intense \u00e0 la pi\u00e8ce. <\/span><\/p>\n<p class=\"p1\" style=\"text-align: justify;\"><span class=\"s1\"> La terracotta donne un <b>style profond, myst\u00e9rieux et plein de cachet<\/b>. Gr\u00e2ce \u00e0 son caract\u00e8re chaleureux, elle sera appr\u00e9ci\u00e9e m\u00eame <b>l\u2019hiver<\/b> notamment sur du gros mobilier. <b>L\u2019 \u00e9t\u00e9<\/b>, elle rappellera le sable, la terre rougie au soleil et les grosses chaleurs.<\/span><\/p>\n<p>[\/vc_custom_heading][\/vc_column][\/vc_row][vc_row][vc_column width=\u00a0\u00bb1\/6&Prime;][\/vc_column][vc_column width=\u00a0\u00bb2\/3&Prime;][vc_raw_html]JTNDYSUyMGRhdGEtcGluLWRvJTNEJTIyZW1iZWRQaW4lMjIlMjBkYXRhLXBpbi1sYW5nJTNEJTIyZnIlMjIlMjBkYXRhLXBpbi13aWR0aCUzRCUyMmxhcmdlJTIyJTIwZGF0YS1waW4tdGVyc2UlM0QlMjJ0cnVlJTIyJTIwaHJlZiUzRCUyMmh0dHBzJTNBJTJGJTJGd3d3LnBpbnRlcmVzdC5jb20lMkZwaW4lMkY3NDk2MzgzMDA0NDc3NDU2NTMlMkYlMjIlM0UlM0MlMkZhJTNFJTBBJTBBJTNDc2NyaXB0JTIwYXN5bmMlMjBkZWZlciUyMHNyYyUzRCUyMiUyRiUyRmFzc2V0cy5waW50ZXJlc3QuY29tJTJGanMlMkZwaW5pdC5qcyUyMiUzRSUzQyUyRnNjcmlwdCUzRQ==[\/vc_raw_html][\/vc_column][vc_column width=\u00a0\u00bb1\/6&Prime;][\/vc_column][\/vc_row][vc_row unlock_row=\u00a0\u00bb\u00a0\u00bb row_height_percent=\u00a0\u00bb0&Prime; override_padding=\u00a0\u00bbyes\u00a0\u00bb h_padding=\u00a0\u00bb2&Prime; top_padding=\u00a0\u00bb3&Prime; bottom_padding=\u00a0\u00bb3&Prime; overlay_alpha=\u00a0\u00bb100&Prime; gutter_size=\u00a0\u00bb3&Prime; shift_y=\u00a0\u00bb0&Prime; row_height_use_pixel=\u00a0\u00bb\u00a0\u00bb][vc_column column_width_use_pixel=\u00a0\u00bbyes\u00a0\u00bb overlay_alpha=\u00a0\u00bb50&Prime; gutter_size=\u00a0\u00bb3&Prime; medium_width=\u00a0\u00bb0&Prime; shift_x=\u00a0\u00bb0&Prime; shift_y=\u00a0\u00bb0&Prime; zoom_width=\u00a0\u00bb0&Prime; zoom_height=\u00a0\u00bb0&Prime; column_width_pixel=\u00a0\u00bb800&Prime;][vc_custom_heading heading_semantic=\u00a0\u00bbh4&Prime;]Comment int\u00e9grer la terracotta \u00e0 son int\u00e9rieur\u00a0?[\/vc_custom_heading][vc_custom_heading heading_semantic=\u00a0\u00bbp\u00a0\u00bb text_size=\u00a0\u00bb\u00a0\u00bb]<\/p>\n<p class=\"p2\" style=\"text-align: justify;\"><span class=\"s1\"> De prime abord, on peut trouver cette couleur trop intense et forte. Mais elle est en r\u00e9alit\u00e9 <b>tr\u00e8s facile \u00e0 manier et \u00e0 marier<\/b>. On peut notamment la combiner avec des teintes neutres et claires telles que le blanc ou le beige pour adoucir son intensit\u00e9. En la mariant \u00e0 des teintes plus sombres telles que le gris, on soulignera sa modernit\u00e9 et son \u00e9l\u00e9gance (cf. plus bas).<\/span><\/p>\n<p class=\"p2\" style=\"text-align: justify;\"><span class=\"s1\"> C\u00f4t\u00e9 mobilier, on pourra privil\u00e9gier des meubles, objets ou encore textiles \u00e0 la couleur rouille qui rappelleront encore une fois la chaleur et l\u2019\u00e9l\u00e9gance de la teinte. La terracotta sera le meilleur ami de votre int\u00e9rieur pour une <b>ambiance conviviale et rappellera les b\u00e2tisses m\u00e9diterran\u00e9ennes. <\/b><\/span><\/p>\n<p>[\/vc_custom_heading][\/vc_column][\/vc_row][vc_row][vc_column width=\u00a0\u00bb1\/6&Prime;][\/vc_column][vc_column width=\u00a0\u00bb2\/3&Prime;][vc_raw_html]JTNDYSUyMGRhdGEtcGluLWRvJTNEJTIyZW1iZWRQaW4lMjIlMjBkYXRhLXBpbi1sYW5nJTNEJTIyZnIlMjIlMjBkYXRhLXBpbi13aWR0aCUzRCUyMmxhcmdlJTIyJTIwZGF0YS1waW4tdGVyc2UlM0QlMjJ0cnVlJTIyJTIwaHJlZiUzRCUyMmh0dHBzJTNBJTJGJTJGd3d3LnBpbnRlcmVzdC5jb20lMkZwaW4lMkYxODM5NDM5NjYwMTQzNDc0NDIlMkYlMjIlM0UlM0MlMkZhJTNFJTBBJTBBJTNDc2NyaXB0JTIwYXN5bmMlMjBkZWZlciUyMHNyYyUzRCUyMiUyRiUyRmFzc2V0cy5waW50ZXJlc3QuY29tJTJGanMlMkZwaW5pdC5qcyUyMiUzRSUzQyUyRnNjcmlwdCUzRQ==[\/vc_raw_html][\/vc_column][vc_column width=\u00a0\u00bb1\/6&Prime;][\/vc_column][\/vc_row][vc_row unlock_row=\u00a0\u00bb\u00a0\u00bb row_height_percent=\u00a0\u00bb0&Prime; override_padding=\u00a0\u00bbyes\u00a0\u00bb h_padding=\u00a0\u00bb2&Prime; top_padding=\u00a0\u00bb3&Prime; bottom_padding=\u00a0\u00bb3&Prime; overlay_alpha=\u00a0\u00bb100&Prime; gutter_size=\u00a0\u00bb3&Prime; shift_y=\u00a0\u00bb0&Prime; row_height_use_pixel=\u00a0\u00bb\u00a0\u00bb][vc_column column_width_use_pixel=\u00a0\u00bbyes\u00a0\u00bb overlay_alpha=\u00a0\u00bb50&Prime; gutter_size=\u00a0\u00bb3&Prime; medium_width=\u00a0\u00bb0&Prime; shift_x=\u00a0\u00bb0&Prime; shift_y=\u00a0\u00bb0&Prime; zoom_width=\u00a0\u00bb0&Prime; zoom_height=\u00a0\u00bb0&Prime; column_width_pixel=\u00a0\u00bb800&Prime;][vc_custom_heading heading_semantic=\u00a0\u00bbp\u00a0\u00bb text_size=\u00a0\u00bb\u00a0\u00bb]<\/p>\n<p class=\"p1\" style=\"text-align: justify;\"><span class=\"s1\">Dans le <b>salon<\/b>, on peut utiliser la terracotta sur un mur de la pi\u00e8ce. On l\u2019associera \u00e0 des \u00e9l\u00e9ments en <b>rotin<\/b> et quelques <b>pots de terre cuite au design contemporain<\/b> pour apporter une belle intensit\u00e9 \u00e0 la pi\u00e8ce de vie. On pourra \u00e9galement d\u00e9cliner le <b>linge de maison<\/b> comme que les coussins et plaids aux couleurs poudr\u00e9es comme le rose ou le beige, le tout soulign\u00e9 par un canap\u00e9 gris clair pour contraster.<\/span><\/p>\n<p class=\"p1\" style=\"text-align: justify;\"><span class=\"s1\"> Dans la <b>chambre<\/b>, la terracotta sera parfaite pour les <b>murs<\/b> \u00e9galement, en donnant de la <b>profondeur<\/b> \u00e0 la pi\u00e8ce. Elle habillera aussi le lit avec ses tons chauds, au milieu d\u2019une d\u00e9coration plus \u00e9pur\u00e9e. On pourra \u00e9galement l\u2019utiliser astucieusement pour cr\u00e9er une t\u00eate de lit tout autour du cadre, contrast\u00e9 par un beige sur le reste du\u00a0mur.<\/span><\/p>\n<p>[\/vc_custom_heading][\/vc_column][\/vc_row][vc_row][vc_column width=\u00a0\u00bb1\/6&Prime;][\/vc_column][vc_column width=\u00a0\u00bb2\/3&Prime;][vc_raw_html]JTNDYSUyMGRhdGEtcGluLWRvJTNEJTIyZW1iZWRQaW4lMjIlMjBkYXRhLXBpbi1sYW5nJTNEJTIyZnIlMjIlMjBkYXRhLXBpbi13aWR0aCUzRCUyMmxhcmdlJTIyJTIwZGF0YS1waW4tdGVyc2UlM0QlMjJ0cnVlJTIyJTIwaHJlZiUzRCUyMmh0dHBzJTNBJTJGJTJGd3d3LnBpbnRlcmVzdC5jb20lMkZwaW4lMkY3NzE4MDQ0NTQ4NjUxNjIwNTYlMkYlMjIlM0UlM0MlMkZhJTNFJTBBJTBBJTNDc2NyaXB0JTIwYXN5bmMlMjBkZWZlciUyMHNyYyUzRCUyMiUyRiUyRmFzc2V0cy5waW50ZXJlc3QuY29tJTJGanMlMkZwaW5pdC5qcyUyMiUzRSUzQyUyRnNjcmlwdCUzRQ==[\/vc_raw_html][\/vc_column][vc_column width=\u00a0\u00bb1\/6&Prime;][\/vc_column][\/vc_row][vc_row unlock_row=\u00a0\u00bb\u00a0\u00bb row_height_percent=\u00a0\u00bb0&Prime; override_padding=\u00a0\u00bbyes\u00a0\u00bb h_padding=\u00a0\u00bb2&Prime; top_padding=\u00a0\u00bb3&Prime; bottom_padding=\u00a0\u00bb3&Prime; overlay_alpha=\u00a0\u00bb100&Prime; gutter_size=\u00a0\u00bb3&Prime; shift_y=\u00a0\u00bb0&Prime; row_height_use_pixel=\u00a0\u00bb\u00a0\u00bb][vc_column column_width_use_pixel=\u00a0\u00bbyes\u00a0\u00bb overlay_alpha=\u00a0\u00bb50&Prime; gutter_size=\u00a0\u00bb3&Prime; medium_width=\u00a0\u00bb0&Prime; shift_x=\u00a0\u00bb0&Prime; shift_y=\u00a0\u00bb0&Prime; zoom_width=\u00a0\u00bb0&Prime; zoom_height=\u00a0\u00bb0&Prime; column_width_pixel=\u00a0\u00bb800&Prime;][vc_custom_heading heading_semantic=\u00a0\u00bbp\u00a0\u00bb text_size=\u00a0\u00bb\u00a0\u00bb]<\/p>\n<p class=\"p1\"><span class=\"s1\"><b>Quelques couleurs avec lesquelles marier la terracotta\u00a0: <\/b><\/span><\/p>\n<ul class=\"ul1\">\n<li class=\"li1\"><span class=\"s1\">Le <b>gris<\/b> souris ou anthracite<\/span><\/li>\n<li class=\"li1\"><span class=\"s1\">Le <b>vert<\/b> dans des nuances allant du kaki au pastel<\/span><\/li>\n<li class=\"li1\"><span class=\"s1\"><b>Rose<\/b> blush, pastel ou orang\u00e9<\/span><\/li>\n<li class=\"li1\"><span class=\"s1\">Le <b>beige<\/b>, blanc cass\u00e9 ou cr\u00e8me<\/span><\/li>\n<\/ul>\n<p>[\/vc_custom_heading][\/vc_column][\/vc_row]<\/p>\n<\/div>","protected":false},"excerpt":{"rendered":"<p>Inscrite dans la lign\u00e9e des teintes naturelles mises \u00e0 l\u2019honneur en 2019, la couleur terracotta s\u2019impose dans les tendances et donne ce cachet authentique aux int\u00e9rieurs. <\/p>\n","protected":false},"author":1,"featured_media":66124,"comment_status":"closed","ping_status":"open","sticky":false,"template":"","format":"standard","meta":{"footnotes":""},"categories":[102,120],"tags":[12,103,117,121],"class_list":["post-66109","post","type-post","status-publish","format-standard","has-post-thumbnail","hentry","category-architecture","category-tendances","tag-design","tag-architecture","tag-tendances","tag-contemporain"],"yoast_head":"<!-- This site is optimized with the Yoast SEO plugin v27.2 - https:\/\/yoast.com\/product\/yoast-seo-wordpress\/ -->\n<title>Faites du bien \u00e0 votre int\u00e9rieur avec la tendance terracotta - Imagine Conception<\/title>\n<meta name=\"description\" content=\"Les s\u00e9niors et l&#039;architecture : la volont\u00e9 de vieillir le plus longtemps \u00e0 domicile a fait exploser le march\u00e9 de l\u2019adaptation du logement ...\" \/>\n<meta name=\"robots\" content=\"index, follow, max-snippet:-1, max-image-preview:large, max-video-preview:-1\" \/>\n<link rel=\"canonical\" href=\"https:\/\/www.imagine-conception.com\/?p=66109\" \/>\n<meta property=\"og:locale\" content=\"fr_FR\" \/>\n<meta property=\"og:type\" content=\"article\" \/>\n<meta property=\"og:title\" content=\"Faites du bien \u00e0 votre int\u00e9rieur avec la tendance terracotta - Imagine Conception\" \/>\n<meta property=\"og:description\" content=\"Les s\u00e9niors et l&#039;architecture : la volont\u00e9 de vieillir le plus longtemps \u00e0 domicile a fait exploser le march\u00e9 de l\u2019adaptation du logement ...\" \/>\n<meta property=\"og:url\" content=\"https:\/\/www.imagine-conception.com\/?p=66109\" \/>\n<meta property=\"og:site_name\" content=\"Imagine Conception\" \/>\n<meta property=\"article:publisher\" content=\"https:\/\/www.facebook.com\/ImagineConception\/\" \/>\n<meta property=\"article:published_time\" content=\"2019-03-26T16:45:03+00:00\" \/>\n<meta property=\"article:modified_time\" content=\"2019-03-26T16:48:10+00:00\" \/>\n<meta property=\"og:image\" content=\"https:\/\/www.imagine-conception.com\/wp-content\/uploads\/2019\/03\/renovation-peinture-maison-terracotta.jpg\" \/>\n\t<meta property=\"og:image:width\" content=\"1280\" \/>\n\t<meta property=\"og:image:height\" content=\"853\" \/>\n\t<meta property=\"og:image:type\" content=\"image\/jpeg\" \/>\n<meta name=\"author\" content=\"L&#039;\u00e9quipe Imagine Conception\" \/>\n<meta name=\"twitter:card\" content=\"summary_large_image\" \/>\n<meta name=\"twitter:label1\" content=\"\u00c9crit par\" \/>\n\t<meta name=\"twitter:data1\" content=\"L&#039;\u00e9quipe Imagine Conception\" \/>\n\t<meta name=\"twitter:label2\" content=\"Dur\u00e9e de lecture estim\u00e9e\" \/>\n\t<meta name=\"twitter:data2\" content=\"5 minutes\" \/>\n<script type=\"application\/ld+json\" class=\"yoast-schema-graph\">{\"@context\":\"https:\/\/schema.org\",\"@graph\":[{\"@type\":\"Article\",\"@id\":\"https:\/\/www.imagine-conception.com\/?p=66109#article\",\"isPartOf\":{\"@id\":\"https:\/\/www.imagine-conception.com\/?p=66109\"},\"author\":{\"name\":\"L'\u00e9quipe Imagine Conception\",\"@id\":\"https:\/\/www.imagine-conception.com\/#\/schema\/person\/106a7973407f50d435a2b4ed01f2adb5\"},\"headline\":\"Faites du bien \u00e0 votre int\u00e9rieur avec la tendance terracotta\",\"datePublished\":\"2019-03-26T16:45:03+00:00\",\"dateModified\":\"2019-03-26T16:48:10+00:00\",\"mainEntityOfPage\":{\"@id\":\"https:\/\/www.imagine-conception.com\/?p=66109\"},\"wordCount\":1067,\"publisher\":{\"@id\":\"https:\/\/www.imagine-conception.com\/#organization\"},\"image\":{\"@id\":\"https:\/\/www.imagine-conception.com\/?p=66109#primaryimage\"},\"thumbnailUrl\":\"https:\/\/www.imagine-conception.com\/wp-content\/uploads\/2019\/03\/renovation-peinture-maison-terracotta.jpg\",\"keywords\":[\"Design\",\"Architecture\",\"tendances\",\"Contemporain\"],\"articleSection\":[\"Architecture\",\"Tendances\"],\"inLanguage\":\"fr-FR\"},{\"@type\":\"WebPage\",\"@id\":\"https:\/\/www.imagine-conception.com\/?p=66109\",\"url\":\"https:\/\/www.imagine-conception.com\/?p=66109\",\"name\":\"Faites du bien \u00e0 votre int\u00e9rieur avec la tendance terracotta - Imagine Conception\",\"isPartOf\":{\"@id\":\"https:\/\/www.imagine-conception.com\/#website\"},\"primaryImageOfPage\":{\"@id\":\"https:\/\/www.imagine-conception.com\/?p=66109#primaryimage\"},\"image\":{\"@id\":\"https:\/\/www.imagine-conception.com\/?p=66109#primaryimage\"},\"thumbnailUrl\":\"https:\/\/www.imagine-conception.com\/wp-content\/uploads\/2019\/03\/renovation-peinture-maison-terracotta.jpg\",\"datePublished\":\"2019-03-26T16:45:03+00:00\",\"dateModified\":\"2019-03-26T16:48:10+00:00\",\"description\":\"Les s\u00e9niors et l'architecture : la volont\u00e9 de vieillir le plus longtemps \u00e0 domicile a fait exploser le march\u00e9 de l\u2019adaptation du logement ...\",\"breadcrumb\":{\"@id\":\"https:\/\/www.imagine-conception.com\/?p=66109#breadcrumb\"},\"inLanguage\":\"fr-FR\",\"potentialAction\":[{\"@type\":\"ReadAction\",\"target\":[\"https:\/\/www.imagine-conception.com\/?p=66109\"]}]},{\"@type\":\"ImageObject\",\"inLanguage\":\"fr-FR\",\"@id\":\"https:\/\/www.imagine-conception.com\/?p=66109#primaryimage\",\"url\":\"https:\/\/www.imagine-conception.com\/wp-content\/uploads\/2019\/03\/renovation-peinture-maison-terracotta.jpg\",\"contentUrl\":\"https:\/\/www.imagine-conception.com\/wp-content\/uploads\/2019\/03\/renovation-peinture-maison-terracotta.jpg\",\"width\":1280,\"height\":853,\"caption\":\"Pot de peinture couleur Terracotta pour travaux et r\u00e9novation de maison.\"},{\"@type\":\"BreadcrumbList\",\"@id\":\"https:\/\/www.imagine-conception.com\/?p=66109#breadcrumb\",\"itemListElement\":[{\"@type\":\"ListItem\",\"position\":1,\"name\":\"Accueil\",\"item\":\"https:\/\/www.imagine-conception.com\/\"},{\"@type\":\"ListItem\",\"position\":2,\"name\":\"Faites du bien \u00e0 votre int\u00e9rieur avec la tendance terracotta\"}]},{\"@type\":\"WebSite\",\"@id\":\"https:\/\/www.imagine-conception.com\/#website\",\"url\":\"https:\/\/www.imagine-conception.com\/\",\"name\":\"Imagine Conception\",\"description\":\"Architecte d&#039;int\u00e9rieur \u00e0 Toulouse\",\"publisher\":{\"@id\":\"https:\/\/www.imagine-conception.com\/#organization\"},\"potentialAction\":[{\"@type\":\"SearchAction\",\"target\":{\"@type\":\"EntryPoint\",\"urlTemplate\":\"https:\/\/www.imagine-conception.com\/?s={search_term_string}\"},\"query-input\":{\"@type\":\"PropertyValueSpecification\",\"valueRequired\":true,\"valueName\":\"search_term_string\"}}],\"inLanguage\":\"fr-FR\"},{\"@type\":\"Organization\",\"@id\":\"https:\/\/www.imagine-conception.com\/#organization\",\"name\":\"Imagine Conception\",\"url\":\"https:\/\/www.imagine-conception.com\/\",\"logo\":{\"@type\":\"ImageObject\",\"inLanguage\":\"fr-FR\",\"@id\":\"https:\/\/www.imagine-conception.com\/#\/schema\/logo\/image\/\",\"url\":\"https:\/\/www.imagine-conception.com\/wp-content\/uploads\/2018\/03\/imagine-conception-logo-noir.svg\",\"contentUrl\":\"https:\/\/www.imagine-conception.com\/wp-content\/uploads\/2018\/03\/imagine-conception-logo-noir.svg\",\"width\":1627485,\"height\":247029,\"caption\":\"Imagine Conception\"},\"image\":{\"@id\":\"https:\/\/www.imagine-conception.com\/#\/schema\/logo\/image\/\"},\"sameAs\":[\"https:\/\/www.facebook.com\/ImagineConception\/\",\"https:\/\/www.instagram.com\/imagine_conception\/\",\"https:\/\/fr.linkedin.com\/company\/imagine-conception\"]},{\"@type\":\"Person\",\"@id\":\"https:\/\/www.imagine-conception.com\/#\/schema\/person\/106a7973407f50d435a2b4ed01f2adb5\",\"name\":\"L'\u00e9quipe Imagine Conception\",\"image\":{\"@type\":\"ImageObject\",\"inLanguage\":\"fr-FR\",\"@id\":\"https:\/\/secure.gravatar.com\/avatar\/7904878d84986fb0e542588418e777dbe693354056fabdc098933410a9562529?s=96&d=mm&r=g\",\"url\":\"https:\/\/secure.gravatar.com\/avatar\/7904878d84986fb0e542588418e777dbe693354056fabdc098933410a9562529?s=96&d=mm&r=g\",\"contentUrl\":\"https:\/\/secure.gravatar.com\/avatar\/7904878d84986fb0e542588418e777dbe693354056fabdc098933410a9562529?s=96&d=mm&r=g\",\"caption\":\"L'\u00e9quipe Imagine Conception\"},\"url\":\"https:\/\/www.imagine-conception.com\/?author=1\"}]}<\/script>\n<!-- \/ Yoast SEO plugin. -->","yoast_head_json":{"title":"Faites du bien \u00e0 votre int\u00e9rieur avec la tendance terracotta - Imagine Conception","description":"Les s\u00e9niors et l'architecture : la volont\u00e9 de vieillir le plus longtemps \u00e0 domicile a fait exploser le march\u00e9 de l\u2019adaptation du logement ...","robots":{"index":"index","follow":"follow","max-snippet":"max-snippet:-1","max-image-preview":"max-image-preview:large","max-video-preview":"max-video-preview:-1"},"canonical":"https:\/\/www.imagine-conception.com\/?p=66109","og_locale":"fr_FR","og_type":"article","og_title":"Faites du bien \u00e0 votre int\u00e9rieur avec la tendance terracotta - Imagine Conception","og_description":"Les s\u00e9niors et l'architecture : la volont\u00e9 de vieillir le plus longtemps \u00e0 domicile a fait exploser le march\u00e9 de l\u2019adaptation du logement ...","og_url":"https:\/\/www.imagine-conception.com\/?p=66109","og_site_name":"Imagine Conception","article_publisher":"https:\/\/www.facebook.com\/ImagineConception\/","article_published_time":"2019-03-26T16:45:03+00:00","article_modified_time":"2019-03-26T16:48:10+00:00","og_image":[{"width":1280,"height":853,"url":"https:\/\/www.imagine-conception.com\/wp-content\/uploads\/2019\/03\/renovation-peinture-maison-terracotta.jpg","type":"image\/jpeg"}],"author":"L'\u00e9quipe Imagine Conception","twitter_card":"summary_large_image","twitter_misc":{"\u00c9crit par":"L'\u00e9quipe Imagine Conception","Dur\u00e9e de lecture estim\u00e9e":"5 minutes"},"schema":{"@context":"https:\/\/schema.org","@graph":[{"@type":"Article","@id":"https:\/\/www.imagine-conception.com\/?p=66109#article","isPartOf":{"@id":"https:\/\/www.imagine-conception.com\/?p=66109"},"author":{"name":"L'\u00e9quipe Imagine Conception","@id":"https:\/\/www.imagine-conception.com\/#\/schema\/person\/106a7973407f50d435a2b4ed01f2adb5"},"headline":"Faites du bien \u00e0 votre int\u00e9rieur avec la tendance terracotta","datePublished":"2019-03-26T16:45:03+00:00","dateModified":"2019-03-26T16:48:10+00:00","mainEntityOfPage":{"@id":"https:\/\/www.imagine-conception.com\/?p=66109"},"wordCount":1067,"publisher":{"@id":"https:\/\/www.imagine-conception.com\/#organization"},"image":{"@id":"https:\/\/www.imagine-conception.com\/?p=66109#primaryimage"},"thumbnailUrl":"https:\/\/www.imagine-conception.com\/wp-content\/uploads\/2019\/03\/renovation-peinture-maison-terracotta.jpg","keywords":["Design","Architecture","tendances","Contemporain"],"articleSection":["Architecture","Tendances"],"inLanguage":"fr-FR"},{"@type":"WebPage","@id":"https:\/\/www.imagine-conception.com\/?p=66109","url":"https:\/\/www.imagine-conception.com\/?p=66109","name":"Faites du bien \u00e0 votre int\u00e9rieur avec la tendance terracotta - Imagine Conception","isPartOf":{"@id":"https:\/\/www.imagine-conception.com\/#website"},"primaryImageOfPage":{"@id":"https:\/\/www.imagine-conception.com\/?p=66109#primaryimage"},"image":{"@id":"https:\/\/www.imagine-conception.com\/?p=66109#primaryimage"},"thumbnailUrl":"https:\/\/www.imagine-conception.com\/wp-content\/uploads\/2019\/03\/renovation-peinture-maison-terracotta.jpg","datePublished":"2019-03-26T16:45:03+00:00","dateModified":"2019-03-26T16:48:10+00:00","description":"Les s\u00e9niors et l'architecture : la volont\u00e9 de vieillir le plus longtemps \u00e0 domicile a fait exploser le march\u00e9 de l\u2019adaptation du logement ...","breadcrumb":{"@id":"https:\/\/www.imagine-conception.com\/?p=66109#breadcrumb"},"inLanguage":"fr-FR","potentialAction":[{"@type":"ReadAction","target":["https:\/\/www.imagine-conception.com\/?p=66109"]}]},{"@type":"ImageObject","inLanguage":"fr-FR","@id":"https:\/\/www.imagine-conception.com\/?p=66109#primaryimage","url":"https:\/\/www.imagine-conception.com\/wp-content\/uploads\/2019\/03\/renovation-peinture-maison-terracotta.jpg","contentUrl":"https:\/\/www.imagine-conception.com\/wp-content\/uploads\/2019\/03\/renovation-peinture-maison-terracotta.jpg","width":1280,"height":853,"caption":"Pot de peinture couleur Terracotta pour travaux et r\u00e9novation de maison."},{"@type":"BreadcrumbList","@id":"https:\/\/www.imagine-conception.com\/?p=66109#breadcrumb","itemListElement":[{"@type":"ListItem","position":1,"name":"Accueil","item":"https:\/\/www.imagine-conception.com\/"},{"@type":"ListItem","position":2,"name":"Faites du bien \u00e0 votre int\u00e9rieur avec la tendance terracotta"}]},{"@type":"WebSite","@id":"https:\/\/www.imagine-conception.com\/#website","url":"https:\/\/www.imagine-conception.com\/","name":"Imagine Conception","description":"Architecte d&#039;int\u00e9rieur \u00e0 Toulouse","publisher":{"@id":"https:\/\/www.imagine-conception.com\/#organization"},"potentialAction":[{"@type":"SearchAction","target":{"@type":"EntryPoint","urlTemplate":"https:\/\/www.imagine-conception.com\/?s={search_term_string}"},"query-input":{"@type":"PropertyValueSpecification","valueRequired":true,"valueName":"search_term_string"}}],"inLanguage":"fr-FR"},{"@type":"Organization","@id":"https:\/\/www.imagine-conception.com\/#organization","name":"Imagine Conception","url":"https:\/\/www.imagine-conception.com\/","logo":{"@type":"ImageObject","inLanguage":"fr-FR","@id":"https:\/\/www.imagine-conception.com\/#\/schema\/logo\/image\/","url":"https:\/\/www.imagine-conception.com\/wp-content\/uploads\/2018\/03\/imagine-conception-logo-noir.svg","contentUrl":"https:\/\/www.imagine-conception.com\/wp-content\/uploads\/2018\/03\/imagine-conception-logo-noir.svg","width":1627485,"height":247029,"caption":"Imagine Conception"},"image":{"@id":"https:\/\/www.imagine-conception.com\/#\/schema\/logo\/image\/"},"sameAs":["https:\/\/www.facebook.com\/ImagineConception\/","https:\/\/www.instagram.com\/imagine_conception\/","https:\/\/fr.linkedin.com\/company\/imagine-conception"]},{"@type":"Person","@id":"https:\/\/www.imagine-conception.com\/#\/schema\/person\/106a7973407f50d435a2b4ed01f2adb5","name":"L'\u00e9quipe Imagine Conception","image":{"@type":"ImageObject","inLanguage":"fr-FR","@id":"https:\/\/secure.gravatar.com\/avatar\/7904878d84986fb0e542588418e777dbe693354056fabdc098933410a9562529?s=96&d=mm&r=g","url":"https:\/\/secure.gravatar.com\/avatar\/7904878d84986fb0e542588418e777dbe693354056fabdc098933410a9562529?s=96&d=mm&r=g","contentUrl":"https:\/\/secure.gravatar.com\/avatar\/7904878d84986fb0e542588418e777dbe693354056fabdc098933410a9562529?s=96&d=mm&r=g","caption":"L'\u00e9quipe Imagine Conception"},"url":"https:\/\/www.imagine-conception.com\/?author=1"}]}},"_links":{"self":[{"href":"https:\/\/www.imagine-conception.com\/index.php?rest_route=\/wp\/v2\/posts\/66109","targetHints":{"allow":["GET"]}}],"collection":[{"href":"https:\/\/www.imagine-conception.com\/index.php?rest_route=\/wp\/v2\/posts"}],"about":[{"href":"https:\/\/www.imagine-conception.com\/index.php?rest_route=\/wp\/v2\/types\/post"}],"author":[{"embeddable":true,"href":"https:\/\/www.imagine-conception.com\/index.php?rest_route=\/wp\/v2\/users\/1"}],"replies":[{"embeddable":true,"href":"https:\/\/www.imagine-conception.com\/index.php?rest_route=%2Fwp%2Fv2%2Fcomments&post=66109"}],"version-history":[{"count":5,"href":"https:\/\/www.imagine-conception.com\/index.php?rest_route=\/wp\/v2\/posts\/66109\/revisions"}],"predecessor-version":[{"id":66125,"href":"https:\/\/www.imagine-conception.com\/index.php?rest_route=\/wp\/v2\/posts\/66109\/revisions\/66125"}],"wp:featuredmedia":[{"embeddable":true,"href":"https:\/\/www.imagine-conception.com\/index.php?rest_route=\/wp\/v2\/media\/66124"}],"wp:attachment":[{"href":"https:\/\/www.imagine-conception.com\/index.php?rest_route=%2Fwp%2Fv2%2Fmedia&parent=66109"}],"wp:term":[{"taxonomy":"category","embeddable":true,"href":"https:\/\/www.imagine-conception.com\/index.php?rest_route=%2Fwp%2Fv2%2Fcategories&post=66109"},{"taxonomy":"post_tag","embeddable":true,"href":"https:\/\/www.imagine-conception.com\/index.php?rest_route=%2Fwp%2Fv2%2Ftags&post=66109"}],"curies":[{"name":"wp","href":"https:\/\/api.w.org\/{rel}","templated":true}]}}