{"id":66086,"date":"2019-02-21T09:56:01","date_gmt":"2019-02-21T09:56:01","guid":{"rendered":"https:\/\/www.imagine-conception.com\/?p=66086"},"modified":"2019-03-04T10:17:01","modified_gmt":"2019-03-04T10:17:01","slug":"transformer-piece-en-dressing","status":"publish","type":"post","link":"https:\/\/www.imagine-conception.com\/?p=66086","title":{"rendered":"Transformer une pi\u00e8ce en dressing\u00a0: nos conseils"},"content":{"rendered":"<div class=\"wpb-content-wrapper\"><p>[vc_row row_height_percent=\u00a0\u00bb0&Prime; override_padding=\u00a0\u00bbyes\u00a0\u00bb h_padding=\u00a0\u00bb2&Prime; top_padding=\u00a0\u00bb3&Prime; bottom_padding=\u00a0\u00bb1&Prime; overlay_alpha=\u00a0\u00bb100&Prime; gutter_size=\u00a0\u00bb3&Prime; column_width_percent=\u00a0\u00bb100&Prime; shift_y=\u00a0\u00bb0&Prime; z_index=\u00a0\u00bb0&Prime; row_height_use_pixel=\u00a0\u00bb\u00a0\u00bb][vc_column column_width_use_pixel=\u00a0\u00bbyes\u00a0\u00bb overlay_alpha=\u00a0\u00bb50&Prime; gutter_size=\u00a0\u00bb3&Prime; medium_width=\u00a0\u00bb0&Prime; shift_x=\u00a0\u00bb0&Prime; shift_y=\u00a0\u00bb0&Prime; zoom_width=\u00a0\u00bb0&Prime; zoom_height=\u00a0\u00bb0&Prime; column_width_pixel=\u00a0\u00bb800&Prime;][vc_custom_heading]<em>Une pi\u00e8ce vient de se lib\u00e9rer dans votre int\u00e9rieur. Vous avez toujours r\u00eav\u00e9 d\u2019un spacieux dressing pour ranger chaussures, v\u00eatements ou encore linge de maison, mais vous ne savez pas comment vous y prendre pour am\u00e9nager l\u2019espace. Si le dressing est tr\u00e8s pratique dans la vie de tous les jours, le cr\u00e9er ex-nihilo peut parfois s\u2019av\u00e9rer \u00eatre un v\u00e9ritable casse-t\u00eate. Voici nos conseils.<\/em>[\/vc_custom_heading][\/vc_column][\/vc_row][vc_row][vc_column width=\u00a0\u00bb1\/1&Prime;][vc_single_image media=\u00a0\u00bb66087&Prime; caption=\u00a0\u00bbyes\u00a0\u00bb media_width_percent=\u00a0\u00bb100&Prime;][\/vc_column][\/vc_row][vc_row unlock_row=\u00a0\u00bb\u00a0\u00bb row_height_percent=\u00a0\u00bb0&Prime; override_padding=\u00a0\u00bbyes\u00a0\u00bb h_padding=\u00a0\u00bb2&Prime; top_padding=\u00a0\u00bb3&Prime; bottom_padding=\u00a0\u00bb3&Prime; overlay_alpha=\u00a0\u00bb100&Prime; gutter_size=\u00a0\u00bb3&Prime; shift_y=\u00a0\u00bb0&Prime; row_height_use_pixel=\u00a0\u00bb\u00a0\u00bb][vc_column column_width_use_pixel=\u00a0\u00bbyes\u00a0\u00bb overlay_alpha=\u00a0\u00bb50&Prime; gutter_size=\u00a0\u00bb3&Prime; medium_width=\u00a0\u00bb0&Prime; shift_x=\u00a0\u00bb0&Prime; shift_y=\u00a0\u00bb0&Prime; zoom_width=\u00a0\u00bb0&Prime; zoom_height=\u00a0\u00bb0&Prime; column_width_pixel=\u00a0\u00bb800&Prime;][vc_custom_heading heading_semantic=\u00a0\u00bbh3&Prime;]1\u00e8re \u00e9tape\u00a0:\u00a0Prenez bien les mesures de la pi\u00e8ce \u00e0 am\u00e9nager[\/vc_custom_heading][vc_custom_heading heading_semantic=\u00a0\u00bbp\u00a0\u00bb text_size=\u00a0\u00bb\u00a0\u00bb]<\/p>\n<p class=\"p1\" style=\"text-align: justify;\"><span class=\"s1\">Commencer par bien mesurer l\u2019espace disponible est essentiel afin de d\u00e9terminer correctement l\u2019agencement de la pi\u00e8ce. Il est notamment important d\u2019identifier toutes les asp\u00e9rit\u00e9s de la pi\u00e8ce \u2013 portes, fen\u00eatres, pentes etc. pour avoir les dimensions pr\u00e9cises.<\/span><\/p>\n<p class=\"p1\" style=\"text-align: justify;\"><span class=\"s1\">Une fois les dimensions prises, vous pourrez commencer \u00e0 am\u00e9nager la pi\u00e8ce en un dressing design et fonctionnel. Vous pourrez alors choisir entre un dressing d\u2019angle (en L ou en U) ou un dressing plut\u00f4t droit.<\/span><\/p>\n<p>[\/vc_custom_heading][\/vc_column][\/vc_row][vc_row unlock_row=\u00a0\u00bb\u00a0\u00bb row_height_percent=\u00a0\u00bb0&Prime; override_padding=\u00a0\u00bbyes\u00a0\u00bb h_padding=\u00a0\u00bb2&Prime; top_padding=\u00a0\u00bb3&Prime; bottom_padding=\u00a0\u00bb3&Prime; overlay_alpha=\u00a0\u00bb100&Prime; gutter_size=\u00a0\u00bb3&Prime; shift_y=\u00a0\u00bb0&Prime; row_height_use_pixel=\u00a0\u00bb\u00a0\u00bb][vc_column column_width_use_pixel=\u00a0\u00bbyes\u00a0\u00bb overlay_alpha=\u00a0\u00bb50&Prime; gutter_size=\u00a0\u00bb3&Prime; medium_width=\u00a0\u00bb0&Prime; shift_x=\u00a0\u00bb0&Prime; shift_y=\u00a0\u00bb0&Prime; zoom_width=\u00a0\u00bb0&Prime; zoom_height=\u00a0\u00bb0&Prime; column_width_pixel=\u00a0\u00bb800&Prime;][vc_custom_heading heading_semantic=\u00a0\u00bbh4&Prime;]2\u00e8me \u00e9tape\u00a0: \u00c9valuez ce dont vous avez besoin[\/vc_custom_heading][vc_custom_heading heading_semantic=\u00a0\u00bbp\u00a0\u00bb text_size=\u00a0\u00bb\u00a0\u00bb]<\/p>\n<p class=\"p1\" style=\"text-align: justify;\"><span class=\"s1\">Une fois d\u00e9termin\u00e9e la forme du dressing, pensez \u00e0 ce que vous allez y ranger \u2013 linge de maison, garde-robe enti\u00e8re ou de saison\u2026 cela vous permettra de d\u00e9terminer la place dont vous avez besoin. <\/span><\/p>\n<p class=\"p1\" style=\"text-align: justify;\"><span class=\"s1\">Il est \u00e9galement essentiel de tenir compte du nombre de personnes allant utiliser ce dressing et des types de v\u00eatements \u00e0 ranger pour d\u00e9finir les espaces et outils dont vous aurez besoin \u2013 \u00e9tag\u00e8res, tiroirs, penderies, casiers\u2026<\/span><\/p>\n<p>[\/vc_custom_heading][\/vc_column][\/vc_row][vc_row][vc_column width=\u00a0\u00bb1\/1&Prime;][vc_single_image media=\u00a0\u00bb66089&Prime; caption=\u00a0\u00bbyes\u00a0\u00bb media_width_percent=\u00a0\u00bb100&Prime;][\/vc_column][\/vc_row][vc_row unlock_row=\u00a0\u00bb\u00a0\u00bb row_height_percent=\u00a0\u00bb0&Prime; override_padding=\u00a0\u00bbyes\u00a0\u00bb h_padding=\u00a0\u00bb2&Prime; top_padding=\u00a0\u00bb3&Prime; bottom_padding=\u00a0\u00bb3&Prime; overlay_alpha=\u00a0\u00bb100&Prime; gutter_size=\u00a0\u00bb3&Prime; shift_y=\u00a0\u00bb0&Prime; row_height_use_pixel=\u00a0\u00bb\u00a0\u00bb][vc_column column_width_use_pixel=\u00a0\u00bbyes\u00a0\u00bb overlay_alpha=\u00a0\u00bb50&Prime; gutter_size=\u00a0\u00bb3&Prime; medium_width=\u00a0\u00bb0&Prime; shift_x=\u00a0\u00bb0&Prime; shift_y=\u00a0\u00bb0&Prime; zoom_width=\u00a0\u00bb0&Prime; zoom_height=\u00a0\u00bb0&Prime; column_width_pixel=\u00a0\u00bb800&Prime;][vc_custom_heading heading_semantic=\u00a0\u00bbh5&Prime;]3\u00e8me \u00e9tape\u00a0: Attaquez finalement l\u2019am\u00e9nagement[\/vc_custom_heading][vc_custom_heading heading_semantic=\u00a0\u00bbp\u00a0\u00bb text_size=\u00a0\u00bb\u00a0\u00bb]<\/p>\n<p class=\"p1\" style=\"text-align: justify;\"><span class=\"s1\">C\u2019est seulement apr\u00e8s la prise de mesures et la d\u00e9finition de vos besoins que vous pourrez commencer \u00e0 transformer votre pi\u00e8ce en dressing.<\/span><\/p>\n<p class=\"p1\" style=\"text-align: justify;\"><span class=\"s1\">Voici des exemples d\u2019\u00e9l\u00e9ments d\u2019agencement pour un dressing fonctionnel\u00a0:<\/span><\/p>\n<ul class=\"ul1\">\n<li class=\"li1\" style=\"text-align: justify;\"><span class=\"s1\">Des \u00e9tag\u00e8res murales fix\u00e9es avec des \u00e9querres.<\/span><\/li>\n<li class=\"li1\" style=\"text-align: justify;\"><span class=\"s1\">Des portants pour les v\u00eatements sur cintre, d\u2019une certaine hauteur suivant le type d\u2019habit (1 m pour les vestes et chemises, 1,60 m pour les robes et manteaux, et 1,20 m pour les pantalons).<\/span><\/li>\n<li class=\"li1\" style=\"text-align: justify;\"><span class=\"s1\">Des meubles \u00e0 tiroirs pour les sous-v\u00eatements et le linge de maison, ainsi que des caissons pour ranger les chaussures.<\/span><\/li>\n<li class=\"li1\" style=\"text-align: justify;\"><span class=\"s1\">Une tablette coulissante pour les montres, boutons de manchettes et autres bijoux.<\/span><\/li>\n<li class=\"li1\" style=\"text-align: justify;\"><span class=\"s1\">Des miroirs pour refl\u00e9ter la lumi\u00e8re, donner une sensation d\u2019espace et pour y v\u00e9rifier ses tenues\u00a0!<\/span><\/li>\n<li class=\"li1\" style=\"text-align: justify;\"><span class=\"s1\">Si l\u2019espace le permet, un ilot central \u00e0 tiroirs pour pr\u00e9parer ses v\u00eatements et poser ses sacs.<\/span><\/li>\n<\/ul>\n<p>[\/vc_custom_heading][\/vc_column][\/vc_row][vc_row][vc_column width=\u00a0\u00bb1\/1&Prime;][vc_single_image media=\u00a0\u00bb66088&Prime; caption=\u00a0\u00bbyes\u00a0\u00bb media_width_percent=\u00a0\u00bb100&Prime;][\/vc_column][\/vc_row]<\/p>\n<\/div>","protected":false},"excerpt":{"rendered":"<p>Voici 5 \u00e9tapes pour adopter le charme du Grand Nord.<\/p>\n","protected":false},"author":1,"featured_media":66090,"comment_status":"closed","ping_status":"open","sticky":false,"template":"","format":"standard","meta":{"footnotes":""},"categories":[102,120],"tags":[12,103,117,121],"class_list":["post-66086","post","type-post","status-publish","format-standard","has-post-thumbnail","hentry","category-architecture","category-tendances","tag-design","tag-architecture","tag-tendances","tag-contemporain"],"yoast_head":"<!-- This site is optimized with the Yoast SEO plugin v27.2 - https:\/\/yoast.com\/product\/yoast-seo-wordpress\/ -->\n<title>Transformer une pi\u00e8ce en dressing\u00a0: nos conseils - Imagine Conception<\/title>\n<meta name=\"description\" content=\"Les s\u00e9niors et l&#039;architecture : la volont\u00e9 de vieillir le plus longtemps \u00e0 domicile a fait exploser le march\u00e9 de l\u2019adaptation du logement ...\" \/>\n<meta name=\"robots\" content=\"index, follow, max-snippet:-1, max-image-preview:large, max-video-preview:-1\" \/>\n<link rel=\"canonical\" href=\"https:\/\/www.imagine-conception.com\/?p=66086\" \/>\n<meta property=\"og:locale\" content=\"fr_FR\" \/>\n<meta property=\"og:type\" content=\"article\" \/>\n<meta property=\"og:title\" content=\"Transformer une pi\u00e8ce en dressing\u00a0: nos conseils - Imagine Conception\" \/>\n<meta property=\"og:description\" content=\"Les s\u00e9niors et l&#039;architecture : la volont\u00e9 de vieillir le plus longtemps \u00e0 domicile a fait exploser le march\u00e9 de l\u2019adaptation du logement ...\" \/>\n<meta property=\"og:url\" content=\"https:\/\/www.imagine-conception.com\/?p=66086\" \/>\n<meta property=\"og:site_name\" content=\"Imagine Conception\" \/>\n<meta property=\"article:publisher\" content=\"https:\/\/www.facebook.com\/ImagineConception\/\" \/>\n<meta property=\"article:published_time\" content=\"2019-02-21T09:56:01+00:00\" \/>\n<meta property=\"article:modified_time\" content=\"2019-03-04T10:17:01+00:00\" \/>\n<meta property=\"og:image\" content=\"https:\/\/www.imagine-conception.com\/wp-content\/uploads\/2019\/02\/comment-creer-dressing-blackwhite.png\" \/>\n\t<meta property=\"og:image:width\" content=\"1716\" \/>\n\t<meta property=\"og:image:height\" content=\"954\" \/>\n\t<meta property=\"og:image:type\" content=\"image\/png\" \/>\n<meta name=\"author\" content=\"L&#039;\u00e9quipe Imagine Conception\" \/>\n<meta name=\"twitter:card\" content=\"summary_large_image\" \/>\n<meta name=\"twitter:label1\" content=\"\u00c9crit par\" \/>\n\t<meta name=\"twitter:data1\" content=\"L&#039;\u00e9quipe Imagine Conception\" \/>\n\t<meta name=\"twitter:label2\" content=\"Dur\u00e9e de lecture estim\u00e9e\" \/>\n\t<meta name=\"twitter:data2\" content=\"4 minutes\" \/>\n<script type=\"application\/ld+json\" class=\"yoast-schema-graph\">{\"@context\":\"https:\/\/schema.org\",\"@graph\":[{\"@type\":\"Article\",\"@id\":\"https:\/\/www.imagine-conception.com\/?p=66086#article\",\"isPartOf\":{\"@id\":\"https:\/\/www.imagine-conception.com\/?p=66086\"},\"author\":{\"name\":\"L'\u00e9quipe Imagine Conception\",\"@id\":\"https:\/\/www.imagine-conception.com\/#\/schema\/person\/106a7973407f50d435a2b4ed01f2adb5\"},\"headline\":\"Transformer une pi\u00e8ce en dressing\u00a0: nos conseils\",\"datePublished\":\"2019-02-21T09:56:01+00:00\",\"dateModified\":\"2019-03-04T10:17:01+00:00\",\"mainEntityOfPage\":{\"@id\":\"https:\/\/www.imagine-conception.com\/?p=66086\"},\"wordCount\":763,\"publisher\":{\"@id\":\"https:\/\/www.imagine-conception.com\/#organization\"},\"image\":{\"@id\":\"https:\/\/www.imagine-conception.com\/?p=66086#primaryimage\"},\"thumbnailUrl\":\"https:\/\/www.imagine-conception.com\/wp-content\/uploads\/2019\/02\/comment-creer-dressing-blackwhite.png\",\"keywords\":[\"Design\",\"Architecture\",\"tendances\",\"Contemporain\"],\"articleSection\":[\"Architecture\",\"Tendances\"],\"inLanguage\":\"fr-FR\"},{\"@type\":\"WebPage\",\"@id\":\"https:\/\/www.imagine-conception.com\/?p=66086\",\"url\":\"https:\/\/www.imagine-conception.com\/?p=66086\",\"name\":\"Transformer une pi\u00e8ce en dressing\u00a0: nos conseils - Imagine Conception\",\"isPartOf\":{\"@id\":\"https:\/\/www.imagine-conception.com\/#website\"},\"primaryImageOfPage\":{\"@id\":\"https:\/\/www.imagine-conception.com\/?p=66086#primaryimage\"},\"image\":{\"@id\":\"https:\/\/www.imagine-conception.com\/?p=66086#primaryimage\"},\"thumbnailUrl\":\"https:\/\/www.imagine-conception.com\/wp-content\/uploads\/2019\/02\/comment-creer-dressing-blackwhite.png\",\"datePublished\":\"2019-02-21T09:56:01+00:00\",\"dateModified\":\"2019-03-04T10:17:01+00:00\",\"description\":\"Les s\u00e9niors et l'architecture : la volont\u00e9 de vieillir le plus longtemps \u00e0 domicile a fait exploser le march\u00e9 de l\u2019adaptation du logement ...\",\"breadcrumb\":{\"@id\":\"https:\/\/www.imagine-conception.com\/?p=66086#breadcrumb\"},\"inLanguage\":\"fr-FR\",\"potentialAction\":[{\"@type\":\"ReadAction\",\"target\":[\"https:\/\/www.imagine-conception.com\/?p=66086\"]}]},{\"@type\":\"ImageObject\",\"inLanguage\":\"fr-FR\",\"@id\":\"https:\/\/www.imagine-conception.com\/?p=66086#primaryimage\",\"url\":\"https:\/\/www.imagine-conception.com\/wp-content\/uploads\/2019\/02\/comment-creer-dressing-blackwhite.png\",\"contentUrl\":\"https:\/\/www.imagine-conception.com\/wp-content\/uploads\/2019\/02\/comment-creer-dressing-blackwhite.png\",\"width\":1716,\"height\":954},{\"@type\":\"BreadcrumbList\",\"@id\":\"https:\/\/www.imagine-conception.com\/?p=66086#breadcrumb\",\"itemListElement\":[{\"@type\":\"ListItem\",\"position\":1,\"name\":\"Accueil\",\"item\":\"https:\/\/www.imagine-conception.com\/\"},{\"@type\":\"ListItem\",\"position\":2,\"name\":\"Transformer une pi\u00e8ce en dressing\u00a0: nos conseils\"}]},{\"@type\":\"WebSite\",\"@id\":\"https:\/\/www.imagine-conception.com\/#website\",\"url\":\"https:\/\/www.imagine-conception.com\/\",\"name\":\"Imagine Conception\",\"description\":\"Architecte d&#039;int\u00e9rieur \u00e0 Toulouse\",\"publisher\":{\"@id\":\"https:\/\/www.imagine-conception.com\/#organization\"},\"potentialAction\":[{\"@type\":\"SearchAction\",\"target\":{\"@type\":\"EntryPoint\",\"urlTemplate\":\"https:\/\/www.imagine-conception.com\/?s={search_term_string}\"},\"query-input\":{\"@type\":\"PropertyValueSpecification\",\"valueRequired\":true,\"valueName\":\"search_term_string\"}}],\"inLanguage\":\"fr-FR\"},{\"@type\":\"Organization\",\"@id\":\"https:\/\/www.imagine-conception.com\/#organization\",\"name\":\"Imagine Conception\",\"url\":\"https:\/\/www.imagine-conception.com\/\",\"logo\":{\"@type\":\"ImageObject\",\"inLanguage\":\"fr-FR\",\"@id\":\"https:\/\/www.imagine-conception.com\/#\/schema\/logo\/image\/\",\"url\":\"https:\/\/www.imagine-conception.com\/wp-content\/uploads\/2018\/03\/imagine-conception-logo-noir.svg\",\"contentUrl\":\"https:\/\/www.imagine-conception.com\/wp-content\/uploads\/2018\/03\/imagine-conception-logo-noir.svg\",\"width\":1627485,\"height\":247029,\"caption\":\"Imagine Conception\"},\"image\":{\"@id\":\"https:\/\/www.imagine-conception.com\/#\/schema\/logo\/image\/\"},\"sameAs\":[\"https:\/\/www.facebook.com\/ImagineConception\/\",\"https:\/\/www.instagram.com\/imagine_conception\/\",\"https:\/\/fr.linkedin.com\/company\/imagine-conception\"]},{\"@type\":\"Person\",\"@id\":\"https:\/\/www.imagine-conception.com\/#\/schema\/person\/106a7973407f50d435a2b4ed01f2adb5\",\"name\":\"L'\u00e9quipe Imagine Conception\",\"image\":{\"@type\":\"ImageObject\",\"inLanguage\":\"fr-FR\",\"@id\":\"https:\/\/secure.gravatar.com\/avatar\/7904878d84986fb0e542588418e777dbe693354056fabdc098933410a9562529?s=96&d=mm&r=g\",\"url\":\"https:\/\/secure.gravatar.com\/avatar\/7904878d84986fb0e542588418e777dbe693354056fabdc098933410a9562529?s=96&d=mm&r=g\",\"contentUrl\":\"https:\/\/secure.gravatar.com\/avatar\/7904878d84986fb0e542588418e777dbe693354056fabdc098933410a9562529?s=96&d=mm&r=g\",\"caption\":\"L'\u00e9quipe Imagine Conception\"},\"url\":\"https:\/\/www.imagine-conception.com\/?author=1\"}]}<\/script>\n<!-- \/ Yoast SEO plugin. -->","yoast_head_json":{"title":"Transformer une pi\u00e8ce en dressing\u00a0: nos conseils - Imagine Conception","description":"Les s\u00e9niors et l'architecture : la volont\u00e9 de vieillir le plus longtemps \u00e0 domicile a fait exploser le march\u00e9 de l\u2019adaptation du logement ...","robots":{"index":"index","follow":"follow","max-snippet":"max-snippet:-1","max-image-preview":"max-image-preview:large","max-video-preview":"max-video-preview:-1"},"canonical":"https:\/\/www.imagine-conception.com\/?p=66086","og_locale":"fr_FR","og_type":"article","og_title":"Transformer une pi\u00e8ce en dressing\u00a0: nos conseils - Imagine Conception","og_description":"Les s\u00e9niors et l'architecture : la volont\u00e9 de vieillir le plus longtemps \u00e0 domicile a fait exploser le march\u00e9 de l\u2019adaptation du logement ...","og_url":"https:\/\/www.imagine-conception.com\/?p=66086","og_site_name":"Imagine Conception","article_publisher":"https:\/\/www.facebook.com\/ImagineConception\/","article_published_time":"2019-02-21T09:56:01+00:00","article_modified_time":"2019-03-04T10:17:01+00:00","og_image":[{"width":1716,"height":954,"url":"https:\/\/www.imagine-conception.com\/wp-content\/uploads\/2019\/02\/comment-creer-dressing-blackwhite.png","type":"image\/png"}],"author":"L'\u00e9quipe Imagine Conception","twitter_card":"summary_large_image","twitter_misc":{"\u00c9crit par":"L'\u00e9quipe Imagine Conception","Dur\u00e9e de lecture estim\u00e9e":"4 minutes"},"schema":{"@context":"https:\/\/schema.org","@graph":[{"@type":"Article","@id":"https:\/\/www.imagine-conception.com\/?p=66086#article","isPartOf":{"@id":"https:\/\/www.imagine-conception.com\/?p=66086"},"author":{"name":"L'\u00e9quipe Imagine Conception","@id":"https:\/\/www.imagine-conception.com\/#\/schema\/person\/106a7973407f50d435a2b4ed01f2adb5"},"headline":"Transformer une pi\u00e8ce en dressing\u00a0: nos conseils","datePublished":"2019-02-21T09:56:01+00:00","dateModified":"2019-03-04T10:17:01+00:00","mainEntityOfPage":{"@id":"https:\/\/www.imagine-conception.com\/?p=66086"},"wordCount":763,"publisher":{"@id":"https:\/\/www.imagine-conception.com\/#organization"},"image":{"@id":"https:\/\/www.imagine-conception.com\/?p=66086#primaryimage"},"thumbnailUrl":"https:\/\/www.imagine-conception.com\/wp-content\/uploads\/2019\/02\/comment-creer-dressing-blackwhite.png","keywords":["Design","Architecture","tendances","Contemporain"],"articleSection":["Architecture","Tendances"],"inLanguage":"fr-FR"},{"@type":"WebPage","@id":"https:\/\/www.imagine-conception.com\/?p=66086","url":"https:\/\/www.imagine-conception.com\/?p=66086","name":"Transformer une pi\u00e8ce en dressing\u00a0: nos conseils - Imagine Conception","isPartOf":{"@id":"https:\/\/www.imagine-conception.com\/#website"},"primaryImageOfPage":{"@id":"https:\/\/www.imagine-conception.com\/?p=66086#primaryimage"},"image":{"@id":"https:\/\/www.imagine-conception.com\/?p=66086#primaryimage"},"thumbnailUrl":"https:\/\/www.imagine-conception.com\/wp-content\/uploads\/2019\/02\/comment-creer-dressing-blackwhite.png","datePublished":"2019-02-21T09:56:01+00:00","dateModified":"2019-03-04T10:17:01+00:00","description":"Les s\u00e9niors et l'architecture : la volont\u00e9 de vieillir le plus longtemps \u00e0 domicile a fait exploser le march\u00e9 de l\u2019adaptation du logement ...","breadcrumb":{"@id":"https:\/\/www.imagine-conception.com\/?p=66086#breadcrumb"},"inLanguage":"fr-FR","potentialAction":[{"@type":"ReadAction","target":["https:\/\/www.imagine-conception.com\/?p=66086"]}]},{"@type":"ImageObject","inLanguage":"fr-FR","@id":"https:\/\/www.imagine-conception.com\/?p=66086#primaryimage","url":"https:\/\/www.imagine-conception.com\/wp-content\/uploads\/2019\/02\/comment-creer-dressing-blackwhite.png","contentUrl":"https:\/\/www.imagine-conception.com\/wp-content\/uploads\/2019\/02\/comment-creer-dressing-blackwhite.png","width":1716,"height":954},{"@type":"BreadcrumbList","@id":"https:\/\/www.imagine-conception.com\/?p=66086#breadcrumb","itemListElement":[{"@type":"ListItem","position":1,"name":"Accueil","item":"https:\/\/www.imagine-conception.com\/"},{"@type":"ListItem","position":2,"name":"Transformer une pi\u00e8ce en dressing\u00a0: nos conseils"}]},{"@type":"WebSite","@id":"https:\/\/www.imagine-conception.com\/#website","url":"https:\/\/www.imagine-conception.com\/","name":"Imagine Conception","description":"Architecte d&#039;int\u00e9rieur \u00e0 Toulouse","publisher":{"@id":"https:\/\/www.imagine-conception.com\/#organization"},"potentialAction":[{"@type":"SearchAction","target":{"@type":"EntryPoint","urlTemplate":"https:\/\/www.imagine-conception.com\/?s={search_term_string}"},"query-input":{"@type":"PropertyValueSpecification","valueRequired":true,"valueName":"search_term_string"}}],"inLanguage":"fr-FR"},{"@type":"Organization","@id":"https:\/\/www.imagine-conception.com\/#organization","name":"Imagine Conception","url":"https:\/\/www.imagine-conception.com\/","logo":{"@type":"ImageObject","inLanguage":"fr-FR","@id":"https:\/\/www.imagine-conception.com\/#\/schema\/logo\/image\/","url":"https:\/\/www.imagine-conception.com\/wp-content\/uploads\/2018\/03\/imagine-conception-logo-noir.svg","contentUrl":"https:\/\/www.imagine-conception.com\/wp-content\/uploads\/2018\/03\/imagine-conception-logo-noir.svg","width":1627485,"height":247029,"caption":"Imagine Conception"},"image":{"@id":"https:\/\/www.imagine-conception.com\/#\/schema\/logo\/image\/"},"sameAs":["https:\/\/www.facebook.com\/ImagineConception\/","https:\/\/www.instagram.com\/imagine_conception\/","https:\/\/fr.linkedin.com\/company\/imagine-conception"]},{"@type":"Person","@id":"https:\/\/www.imagine-conception.com\/#\/schema\/person\/106a7973407f50d435a2b4ed01f2adb5","name":"L'\u00e9quipe Imagine Conception","image":{"@type":"ImageObject","inLanguage":"fr-FR","@id":"https:\/\/secure.gravatar.com\/avatar\/7904878d84986fb0e542588418e777dbe693354056fabdc098933410a9562529?s=96&d=mm&r=g","url":"https:\/\/secure.gravatar.com\/avatar\/7904878d84986fb0e542588418e777dbe693354056fabdc098933410a9562529?s=96&d=mm&r=g","contentUrl":"https:\/\/secure.gravatar.com\/avatar\/7904878d84986fb0e542588418e777dbe693354056fabdc098933410a9562529?s=96&d=mm&r=g","caption":"L'\u00e9quipe Imagine Conception"},"url":"https:\/\/www.imagine-conception.com\/?author=1"}]}},"_links":{"self":[{"href":"https:\/\/www.imagine-conception.com\/index.php?rest_route=\/wp\/v2\/posts\/66086","targetHints":{"allow":["GET"]}}],"collection":[{"href":"https:\/\/www.imagine-conception.com\/index.php?rest_route=\/wp\/v2\/posts"}],"about":[{"href":"https:\/\/www.imagine-conception.com\/index.php?rest_route=\/wp\/v2\/types\/post"}],"author":[{"embeddable":true,"href":"https:\/\/www.imagine-conception.com\/index.php?rest_route=\/wp\/v2\/users\/1"}],"replies":[{"embeddable":true,"href":"https:\/\/www.imagine-conception.com\/index.php?rest_route=%2Fwp%2Fv2%2Fcomments&post=66086"}],"version-history":[{"count":2,"href":"https:\/\/www.imagine-conception.com\/index.php?rest_route=\/wp\/v2\/posts\/66086\/revisions"}],"predecessor-version":[{"id":66092,"href":"https:\/\/www.imagine-conception.com\/index.php?rest_route=\/wp\/v2\/posts\/66086\/revisions\/66092"}],"wp:featuredmedia":[{"embeddable":true,"href":"https:\/\/www.imagine-conception.com\/index.php?rest_route=\/wp\/v2\/media\/66090"}],"wp:attachment":[{"href":"https:\/\/www.imagine-conception.com\/index.php?rest_route=%2Fwp%2Fv2%2Fmedia&parent=66086"}],"wp:term":[{"taxonomy":"category","embeddable":true,"href":"https:\/\/www.imagine-conception.com\/index.php?rest_route=%2Fwp%2Fv2%2Fcategories&post=66086"},{"taxonomy":"post_tag","embeddable":true,"href":"https:\/\/www.imagine-conception.com\/index.php?rest_route=%2Fwp%2Fv2%2Ftags&post=66086"}],"curies":[{"name":"wp","href":"https:\/\/api.w.org\/{rel}","templated":true}]}}