{"id":66050,"date":"2019-01-14T16:53:21","date_gmt":"2019-01-14T16:53:21","guid":{"rendered":"http:\/\/www.imagine-conception.com\/?p=66050"},"modified":"2019-01-14T16:54:34","modified_gmt":"2019-01-14T16:54:34","slug":"2019-living-coral-2","status":"publish","type":"post","link":"https:\/\/www.imagine-conception.com\/?p=66050","title":{"rendered":"Un int\u00e9rieur design et contemporain en 3 \u00e9tapes\u00a0!"},"content":{"rendered":"<div class=\"wpb-content-wrapper\"><p>[vc_row row_height_percent=\u00a0\u00bb0&Prime; override_padding=\u00a0\u00bbyes\u00a0\u00bb h_padding=\u00a0\u00bb2&Prime; top_padding=\u00a0\u00bb3&Prime; bottom_padding=\u00a0\u00bb1&Prime; overlay_alpha=\u00a0\u00bb100&Prime; gutter_size=\u00a0\u00bb3&Prime; column_width_percent=\u00a0\u00bb100&Prime; shift_y=\u00a0\u00bb0&Prime; z_index=\u00a0\u00bb0&Prime; row_height_use_pixel=\u00a0\u00bb\u00a0\u00bb][vc_column column_width_use_pixel=\u00a0\u00bbyes\u00a0\u00bb overlay_alpha=\u00a0\u00bb50&Prime; gutter_size=\u00a0\u00bb3&Prime; medium_width=\u00a0\u00bb0&Prime; shift_x=\u00a0\u00bb0&Prime; shift_y=\u00a0\u00bb0&Prime; zoom_width=\u00a0\u00bb0&Prime; zoom_height=\u00a0\u00bb0&Prime; column_width_pixel=\u00a0\u00bb800&Prime;][vc_custom_heading]<em>Nouvelle ann\u00e9e, nouvelles envies, notamment celle de tout changer dans votre int\u00e9rieur. Vous aspirez \u00e0 une d\u00e9coration plus design, plus contemporaine, on vous donne nos meilleurs conseils pour y arriver en seulement 3 \u00e9tapes.<\/em>[\/vc_custom_heading][\/vc_column][\/vc_row][vc_row unlock_row=\u00a0\u00bb\u00a0\u00bb row_height_percent=\u00a0\u00bb0&Prime; override_padding=\u00a0\u00bbyes\u00a0\u00bb h_padding=\u00a0\u00bb2&Prime; top_padding=\u00a0\u00bb3&Prime; bottom_padding=\u00a0\u00bb3&Prime; overlay_alpha=\u00a0\u00bb100&Prime; gutter_size=\u00a0\u00bb3&Prime; shift_y=\u00a0\u00bb0&Prime; row_height_use_pixel=\u00a0\u00bb\u00a0\u00bb][vc_column column_width_use_pixel=\u00a0\u00bbyes\u00a0\u00bb overlay_alpha=\u00a0\u00bb50&Prime; gutter_size=\u00a0\u00bb3&Prime; medium_width=\u00a0\u00bb0&Prime; shift_x=\u00a0\u00bb0&Prime; shift_y=\u00a0\u00bb0&Prime; zoom_width=\u00a0\u00bb0&Prime; zoom_height=\u00a0\u00bb0&Prime; column_width_pixel=\u00a0\u00bb800&Prime;][vc_column_text]<\/p>\n<p style=\"text-align: justify;\">Contrairement aux id\u00e9es re\u00e7ues, design et d\u00e9coration contemporaine ne riment pas qu\u2019avec couleurs froides et minimalisme. Faire de votre int\u00e9rieur un cocon moderne n\u00e9cessite quelques pr\u00e9-requis. Plut\u00f4t que de composer avec des mati\u00e8res trop froides entre elles, on privil\u00e9giera des mat\u00e9riaux qui r\u00e9chauffent les lignes \u00e9pur\u00e9es du mobilier. Le confort et la fonctionnalit\u00e9 sont les cl\u00e9s d\u2019une d\u00e9coration design et contemporaine r\u00e9ussie, le tout couronn\u00e9 par une ou plusieurs pi\u00e8ces iconiques et fortes.<\/p>\n<p>[\/vc_column_text][\/vc_column][\/vc_row][vc_row][vc_column width=\u00a0\u00bb1\/1&Prime;][uncode_slider slider_interval=\u00a0\u00bb3000&Prime; slider_navspeed=\u00a0\u00bb400&Prime; slider_loop=\u00a0\u00bbyes\u00a0\u00bb][vc_row_inner][vc_column_inner width=\u00a0\u00bb1\/1&Prime;][vc_single_image media=\u00a0\u00bb66053&Prime; caption=\u00a0\u00bbyes\u00a0\u00bb media_width_percent=\u00a0\u00bb100&Prime;][\/vc_column_inner][\/vc_row_inner][vc_row_inner][vc_column_inner width=\u00a0\u00bb1\/1&Prime;][vc_single_image media=\u00a0\u00bb66059&Prime; caption=\u00a0\u00bbyes\u00a0\u00bb media_width_percent=\u00a0\u00bb100&Prime;][\/vc_column_inner][\/vc_row_inner][vc_row_inner][vc_column_inner width=\u00a0\u00bb1\/1&Prime;][vc_single_image media=\u00a0\u00bb66058&Prime; caption=\u00a0\u00bbyes\u00a0\u00bb media_width_percent=\u00a0\u00bb100&Prime;][\/vc_column_inner][\/vc_row_inner][\/uncode_slider][\/vc_column][\/vc_row][vc_row unlock_row=\u00a0\u00bb\u00a0\u00bb row_height_percent=\u00a0\u00bb0&Prime; override_padding=\u00a0\u00bbyes\u00a0\u00bb h_padding=\u00a0\u00bb2&Prime; top_padding=\u00a0\u00bb3&Prime; bottom_padding=\u00a0\u00bb3&Prime; overlay_alpha=\u00a0\u00bb100&Prime; gutter_size=\u00a0\u00bb3&Prime; shift_y=\u00a0\u00bb0&Prime; row_height_use_pixel=\u00a0\u00bb\u00a0\u00bb][vc_column column_width_use_pixel=\u00a0\u00bbyes\u00a0\u00bb overlay_alpha=\u00a0\u00bb50&Prime; gutter_size=\u00a0\u00bb3&Prime; medium_width=\u00a0\u00bb0&Prime; shift_x=\u00a0\u00bb0&Prime; shift_y=\u00a0\u00bb0&Prime; zoom_width=\u00a0\u00bb0&Prime; zoom_height=\u00a0\u00bb0&Prime; column_width_pixel=\u00a0\u00bb800&Prime;][vc_custom_heading heading_semantic=\u00a0\u00bbh3&Prime;]1\u00e8re \u00e9tape\u00a0: miser sur le confort et la fonctionnalit\u00e9[\/vc_custom_heading][vc_custom_heading heading_semantic=\u00a0\u00bbp\u00a0\u00bb text_size=\u00a0\u00bb\u00a0\u00bb]<\/p>\n<p style=\"text-align: justify;\">Par d\u00e9finition, le style contemporain est ax\u00e9 sur l\u2019innovation technique, parfois technologique, qui vise \u00e0 rendre notre int\u00e9rieur plus facile \u00e0 vivre. Mais il ne faut pas pour autant mettre de c\u00f4t\u00e9 le confort quand on se lance dans une d\u00e9coration design et contemporaine\u00a0!<\/p>\n<p style=\"text-align: justify;\">On privil\u00e9giera un mobilier confortable notamment avec des canap\u00e9s moelleux ou des chaises aux assises agr\u00e9ables. Plus g\u00e9n\u00e9ralement\u00a0: miser sur des meubles ergonomiques qui nous sont pratiques.<\/p>\n<p style=\"text-align: justify;\">En termes de mati\u00e8res, on jettera notre d\u00e9volu sur tout ce qui \u00e9voque le chaleureux tel que le velours, le cotons ou encore des essences de bois qui r\u00e9chauffent l\u2019ambiance.<\/p>\n<p>[\/vc_custom_heading][\/vc_column][\/vc_row][vc_row unlock_row=\u00a0\u00bb\u00a0\u00bb row_height_percent=\u00a0\u00bb0&Prime; override_padding=\u00a0\u00bbyes\u00a0\u00bb h_padding=\u00a0\u00bb2&Prime; top_padding=\u00a0\u00bb3&Prime; bottom_padding=\u00a0\u00bb3&Prime; overlay_alpha=\u00a0\u00bb100&Prime; gutter_size=\u00a0\u00bb3&Prime; shift_y=\u00a0\u00bb0&Prime; row_height_use_pixel=\u00a0\u00bb\u00a0\u00bb][vc_column column_width_use_pixel=\u00a0\u00bbyes\u00a0\u00bb overlay_alpha=\u00a0\u00bb50&Prime; gutter_size=\u00a0\u00bb3&Prime; medium_width=\u00a0\u00bb0&Prime; shift_x=\u00a0\u00bb0&Prime; shift_y=\u00a0\u00bb0&Prime; zoom_width=\u00a0\u00bb0&Prime; zoom_height=\u00a0\u00bb0&Prime; column_width_pixel=\u00a0\u00bb800&Prime;][vc_custom_heading heading_semantic=\u00a0\u00bbh4&Prime;]2\u00e8me \u00e9tape\u00a0: choisir un mobilier aux lignes \u00e9pur\u00e9es[\/vc_custom_heading][vc_custom_heading heading_semantic=\u00a0\u00bbp\u00a0\u00bb text_size=\u00a0\u00bb\u00a0\u00bb]<\/p>\n<p style=\"text-align: justify;\">Les lignes \u00e9pur\u00e9es sont mises \u00e0 l\u2019honneur dans une d\u00e9coration design et contemporaine. Le mobilier se marie avec l\u00e9g\u00e8ret\u00e9 avec la pi\u00e8ce et la d\u00e9coration et est mis en valeur par sa mati\u00e8re.<\/p>\n<p style=\"text-align: justify;\">On privil\u00e9giera les meubles aux pi\u00e8tements fins (en m\u00e9tal notamment), aux formes simples (rectilignes ou rondes). On agr\u00e9mentera la d\u00e9coration d\u2019accessoires chaleureux pour casser le c\u00f4t\u00e9 froid du style contemporain tels que des coussins de couleurs, des tapis, des plantes ou encore des pi\u00e8ces design fortes.<\/p>\n<p style=\"text-align: justify;\">En termes de couleurs, on \u00e9vitera de tomber dans le clich\u00e9 de l\u2019association froide blanc-noir-gris uniquement, en osant quelques touches de couleurs vives (en peinture ou sur les accessoires).<\/p>\n<p>[\/vc_custom_heading][\/vc_column][\/vc_row][vc_row unlock_row=\u00a0\u00bb\u00a0\u00bb row_height_percent=\u00a0\u00bb0&Prime; override_padding=\u00a0\u00bbyes\u00a0\u00bb h_padding=\u00a0\u00bb2&Prime; top_padding=\u00a0\u00bb3&Prime; bottom_padding=\u00a0\u00bb3&Prime; overlay_alpha=\u00a0\u00bb100&Prime; gutter_size=\u00a0\u00bb3&Prime; shift_y=\u00a0\u00bb0&Prime; row_height_use_pixel=\u00a0\u00bb\u00a0\u00bb][vc_column column_width_use_pixel=\u00a0\u00bbyes\u00a0\u00bb overlay_alpha=\u00a0\u00bb50&Prime; gutter_size=\u00a0\u00bb3&Prime; medium_width=\u00a0\u00bb0&Prime; shift_x=\u00a0\u00bb0&Prime; shift_y=\u00a0\u00bb0&Prime; zoom_width=\u00a0\u00bb0&Prime; zoom_height=\u00a0\u00bb0&Prime; column_width_pixel=\u00a0\u00bb800&Prime;][vc_custom_heading heading_semantic=\u00a0\u00bbh5&Prime;]3\u00e8me \u00e9tape\u00a0: accessoiriser avec des pi\u00e8ces design fortes[\/vc_custom_heading][vc_custom_heading heading_semantic=\u00a0\u00bbp\u00a0\u00bb text_size=\u00a0\u00bb\u00a0\u00bb]<\/p>\n<p style=\"text-align: justify;\">La culture design a toujours \u00e9t\u00e9 tendance et est une v\u00e9ritable mine d\u2019or pour la d\u00e9coration d\u2019int\u00e9rieur. Quelques pr\u00e9-requis sont cependant essentiels pour \u00e9viter l\u2019effet \u00ab\u00a0mus\u00e9e\u00a0\u00bb.<\/p>\n<p style=\"text-align: justify;\">On s\u00e9lectionnera nos pi\u00e8ces design en fonction de notre ressenti et de leur harmonie avec notre d\u00e9coration existante. On ira notamment piocher dans diff\u00e9rentes p\u00e9riodes artistiques de r\u00e9f\u00e9rence telles que les ann\u00e9es 50 ou 70.<\/p>\n<p style=\"text-align: justify;\">On osera donner un caract\u00e8re unique et iconique \u00e0 notre int\u00e9rieur gr\u00e2ce \u00e0 des pi\u00e8ces fortes qui \u00e9gaieront l\u2019int\u00e9rieur et donneront une v\u00e9ritable identit\u00e9 \u00e0 la d\u00e9coration, le tout par petites touches, dans les diff\u00e9rents espaces de l\u2019int\u00e9rieur.<\/p>\n<p>[\/vc_custom_heading][\/vc_column][\/vc_row]<\/p>\n<\/div>","protected":false},"excerpt":{"rendered":"<p>Nouvelle ann\u00e9e, nouvelles envies &#8230;<\/p>\n","protected":false},"author":1,"featured_media":66065,"comment_status":"closed","ping_status":"open","sticky":false,"template":"","format":"standard","meta":{"footnotes":""},"categories":[102,120],"tags":[12,103,117,121],"class_list":["post-66050","post","type-post","status-publish","format-standard","has-post-thumbnail","hentry","category-architecture","category-tendances","tag-design","tag-architecture","tag-tendances","tag-contemporain"],"yoast_head":"<!-- This site is optimized with the Yoast SEO plugin v27.2 - https:\/\/yoast.com\/product\/yoast-seo-wordpress\/ -->\n<title>Un int\u00e9rieur design et contemporain en 3 \u00e9tapes\u00a0! - Imagine Conception<\/title>\n<meta name=\"description\" content=\"Les s\u00e9niors et l&#039;architecture : la volont\u00e9 de vieillir le plus longtemps \u00e0 domicile a fait exploser le march\u00e9 de l\u2019adaptation du logement ...\" \/>\n<meta name=\"robots\" content=\"index, follow, max-snippet:-1, max-image-preview:large, max-video-preview:-1\" \/>\n<link rel=\"canonical\" href=\"https:\/\/www.imagine-conception.com\/?p=66050\" \/>\n<meta property=\"og:locale\" content=\"fr_FR\" \/>\n<meta property=\"og:type\" content=\"article\" \/>\n<meta property=\"og:title\" content=\"Un int\u00e9rieur design et contemporain en 3 \u00e9tapes\u00a0! - Imagine Conception\" \/>\n<meta property=\"og:description\" content=\"Les s\u00e9niors et l&#039;architecture : la volont\u00e9 de vieillir le plus longtemps \u00e0 domicile a fait exploser le march\u00e9 de l\u2019adaptation du logement ...\" \/>\n<meta property=\"og:url\" content=\"https:\/\/www.imagine-conception.com\/?p=66050\" \/>\n<meta property=\"og:site_name\" content=\"Imagine Conception\" \/>\n<meta property=\"article:publisher\" content=\"https:\/\/www.facebook.com\/ImagineConception\/\" \/>\n<meta property=\"article:published_time\" content=\"2019-01-14T16:53:21+00:00\" \/>\n<meta property=\"article:modified_time\" content=\"2019-01-14T16:54:34+00:00\" \/>\n<meta property=\"og:image\" content=\"https:\/\/www.imagine-conception.com\/wp-content\/uploads\/2019\/01\/design-interieur-comptemporain.jpg\" \/>\n\t<meta property=\"og:image:width\" content=\"960\" \/>\n\t<meta property=\"og:image:height\" content=\"640\" \/>\n\t<meta property=\"og:image:type\" content=\"image\/jpeg\" \/>\n<meta name=\"author\" content=\"L&#039;\u00e9quipe Imagine Conception\" \/>\n<meta name=\"twitter:card\" content=\"summary_large_image\" \/>\n<meta name=\"twitter:label1\" content=\"\u00c9crit par\" \/>\n\t<meta name=\"twitter:data1\" content=\"L&#039;\u00e9quipe Imagine Conception\" \/>\n\t<meta name=\"twitter:label2\" content=\"Dur\u00e9e de lecture estim\u00e9e\" \/>\n\t<meta name=\"twitter:data2\" content=\"5 minutes\" \/>\n<script type=\"application\/ld+json\" class=\"yoast-schema-graph\">{\"@context\":\"https:\/\/schema.org\",\"@graph\":[{\"@type\":\"Article\",\"@id\":\"https:\/\/www.imagine-conception.com\/?p=66050#article\",\"isPartOf\":{\"@id\":\"https:\/\/www.imagine-conception.com\/?p=66050\"},\"author\":{\"name\":\"L'\u00e9quipe Imagine Conception\",\"@id\":\"https:\/\/www.imagine-conception.com\/#\/schema\/person\/106a7973407f50d435a2b4ed01f2adb5\"},\"headline\":\"Un int\u00e9rieur design et contemporain en 3 \u00e9tapes\u00a0!\",\"datePublished\":\"2019-01-14T16:53:21+00:00\",\"dateModified\":\"2019-01-14T16:54:34+00:00\",\"mainEntityOfPage\":{\"@id\":\"https:\/\/www.imagine-conception.com\/?p=66050\"},\"wordCount\":950,\"publisher\":{\"@id\":\"https:\/\/www.imagine-conception.com\/#organization\"},\"image\":{\"@id\":\"https:\/\/www.imagine-conception.com\/?p=66050#primaryimage\"},\"thumbnailUrl\":\"https:\/\/www.imagine-conception.com\/wp-content\/uploads\/2019\/01\/design-interieur-comptemporain.jpg\",\"keywords\":[\"Design\",\"Architecture\",\"tendances\",\"Contemporain\"],\"articleSection\":[\"Architecture\",\"Tendances\"],\"inLanguage\":\"fr-FR\"},{\"@type\":\"WebPage\",\"@id\":\"https:\/\/www.imagine-conception.com\/?p=66050\",\"url\":\"https:\/\/www.imagine-conception.com\/?p=66050\",\"name\":\"Un int\u00e9rieur design et contemporain en 3 \u00e9tapes\u00a0! - Imagine Conception\",\"isPartOf\":{\"@id\":\"https:\/\/www.imagine-conception.com\/#website\"},\"primaryImageOfPage\":{\"@id\":\"https:\/\/www.imagine-conception.com\/?p=66050#primaryimage\"},\"image\":{\"@id\":\"https:\/\/www.imagine-conception.com\/?p=66050#primaryimage\"},\"thumbnailUrl\":\"https:\/\/www.imagine-conception.com\/wp-content\/uploads\/2019\/01\/design-interieur-comptemporain.jpg\",\"datePublished\":\"2019-01-14T16:53:21+00:00\",\"dateModified\":\"2019-01-14T16:54:34+00:00\",\"description\":\"Les s\u00e9niors et l'architecture : la volont\u00e9 de vieillir le plus longtemps \u00e0 domicile a fait exploser le march\u00e9 de l\u2019adaptation du logement ...\",\"breadcrumb\":{\"@id\":\"https:\/\/www.imagine-conception.com\/?p=66050#breadcrumb\"},\"inLanguage\":\"fr-FR\",\"potentialAction\":[{\"@type\":\"ReadAction\",\"target\":[\"https:\/\/www.imagine-conception.com\/?p=66050\"]}]},{\"@type\":\"ImageObject\",\"inLanguage\":\"fr-FR\",\"@id\":\"https:\/\/www.imagine-conception.com\/?p=66050#primaryimage\",\"url\":\"https:\/\/www.imagine-conception.com\/wp-content\/uploads\/2019\/01\/design-interieur-comptemporain.jpg\",\"contentUrl\":\"https:\/\/www.imagine-conception.com\/wp-content\/uploads\/2019\/01\/design-interieur-comptemporain.jpg\",\"width\":960,\"height\":640},{\"@type\":\"BreadcrumbList\",\"@id\":\"https:\/\/www.imagine-conception.com\/?p=66050#breadcrumb\",\"itemListElement\":[{\"@type\":\"ListItem\",\"position\":1,\"name\":\"Accueil\",\"item\":\"https:\/\/www.imagine-conception.com\/\"},{\"@type\":\"ListItem\",\"position\":2,\"name\":\"Un int\u00e9rieur design et contemporain en 3 \u00e9tapes\u00a0!\"}]},{\"@type\":\"WebSite\",\"@id\":\"https:\/\/www.imagine-conception.com\/#website\",\"url\":\"https:\/\/www.imagine-conception.com\/\",\"name\":\"Imagine Conception\",\"description\":\"Architecte d&#039;int\u00e9rieur \u00e0 Toulouse\",\"publisher\":{\"@id\":\"https:\/\/www.imagine-conception.com\/#organization\"},\"potentialAction\":[{\"@type\":\"SearchAction\",\"target\":{\"@type\":\"EntryPoint\",\"urlTemplate\":\"https:\/\/www.imagine-conception.com\/?s={search_term_string}\"},\"query-input\":{\"@type\":\"PropertyValueSpecification\",\"valueRequired\":true,\"valueName\":\"search_term_string\"}}],\"inLanguage\":\"fr-FR\"},{\"@type\":\"Organization\",\"@id\":\"https:\/\/www.imagine-conception.com\/#organization\",\"name\":\"Imagine Conception\",\"url\":\"https:\/\/www.imagine-conception.com\/\",\"logo\":{\"@type\":\"ImageObject\",\"inLanguage\":\"fr-FR\",\"@id\":\"https:\/\/www.imagine-conception.com\/#\/schema\/logo\/image\/\",\"url\":\"https:\/\/www.imagine-conception.com\/wp-content\/uploads\/2018\/03\/imagine-conception-logo-noir.svg\",\"contentUrl\":\"https:\/\/www.imagine-conception.com\/wp-content\/uploads\/2018\/03\/imagine-conception-logo-noir.svg\",\"width\":1627485,\"height\":247029,\"caption\":\"Imagine Conception\"},\"image\":{\"@id\":\"https:\/\/www.imagine-conception.com\/#\/schema\/logo\/image\/\"},\"sameAs\":[\"https:\/\/www.facebook.com\/ImagineConception\/\",\"https:\/\/www.instagram.com\/imagine_conception\/\",\"https:\/\/fr.linkedin.com\/company\/imagine-conception\"]},{\"@type\":\"Person\",\"@id\":\"https:\/\/www.imagine-conception.com\/#\/schema\/person\/106a7973407f50d435a2b4ed01f2adb5\",\"name\":\"L'\u00e9quipe Imagine Conception\",\"image\":{\"@type\":\"ImageObject\",\"inLanguage\":\"fr-FR\",\"@id\":\"https:\/\/secure.gravatar.com\/avatar\/7904878d84986fb0e542588418e777dbe693354056fabdc098933410a9562529?s=96&d=mm&r=g\",\"url\":\"https:\/\/secure.gravatar.com\/avatar\/7904878d84986fb0e542588418e777dbe693354056fabdc098933410a9562529?s=96&d=mm&r=g\",\"contentUrl\":\"https:\/\/secure.gravatar.com\/avatar\/7904878d84986fb0e542588418e777dbe693354056fabdc098933410a9562529?s=96&d=mm&r=g\",\"caption\":\"L'\u00e9quipe Imagine Conception\"},\"url\":\"https:\/\/www.imagine-conception.com\/?author=1\"}]}<\/script>\n<!-- \/ Yoast SEO plugin. -->","yoast_head_json":{"title":"Un int\u00e9rieur design et contemporain en 3 \u00e9tapes\u00a0! - Imagine Conception","description":"Les s\u00e9niors et l'architecture : la volont\u00e9 de vieillir le plus longtemps \u00e0 domicile a fait exploser le march\u00e9 de l\u2019adaptation du logement ...","robots":{"index":"index","follow":"follow","max-snippet":"max-snippet:-1","max-image-preview":"max-image-preview:large","max-video-preview":"max-video-preview:-1"},"canonical":"https:\/\/www.imagine-conception.com\/?p=66050","og_locale":"fr_FR","og_type":"article","og_title":"Un int\u00e9rieur design et contemporain en 3 \u00e9tapes\u00a0! - Imagine Conception","og_description":"Les s\u00e9niors et l'architecture : la volont\u00e9 de vieillir le plus longtemps \u00e0 domicile a fait exploser le march\u00e9 de l\u2019adaptation du logement ...","og_url":"https:\/\/www.imagine-conception.com\/?p=66050","og_site_name":"Imagine Conception","article_publisher":"https:\/\/www.facebook.com\/ImagineConception\/","article_published_time":"2019-01-14T16:53:21+00:00","article_modified_time":"2019-01-14T16:54:34+00:00","og_image":[{"width":960,"height":640,"url":"https:\/\/www.imagine-conception.com\/wp-content\/uploads\/2019\/01\/design-interieur-comptemporain.jpg","type":"image\/jpeg"}],"author":"L'\u00e9quipe Imagine Conception","twitter_card":"summary_large_image","twitter_misc":{"\u00c9crit par":"L'\u00e9quipe Imagine Conception","Dur\u00e9e de lecture estim\u00e9e":"5 minutes"},"schema":{"@context":"https:\/\/schema.org","@graph":[{"@type":"Article","@id":"https:\/\/www.imagine-conception.com\/?p=66050#article","isPartOf":{"@id":"https:\/\/www.imagine-conception.com\/?p=66050"},"author":{"name":"L'\u00e9quipe Imagine Conception","@id":"https:\/\/www.imagine-conception.com\/#\/schema\/person\/106a7973407f50d435a2b4ed01f2adb5"},"headline":"Un int\u00e9rieur design et contemporain en 3 \u00e9tapes\u00a0!","datePublished":"2019-01-14T16:53:21+00:00","dateModified":"2019-01-14T16:54:34+00:00","mainEntityOfPage":{"@id":"https:\/\/www.imagine-conception.com\/?p=66050"},"wordCount":950,"publisher":{"@id":"https:\/\/www.imagine-conception.com\/#organization"},"image":{"@id":"https:\/\/www.imagine-conception.com\/?p=66050#primaryimage"},"thumbnailUrl":"https:\/\/www.imagine-conception.com\/wp-content\/uploads\/2019\/01\/design-interieur-comptemporain.jpg","keywords":["Design","Architecture","tendances","Contemporain"],"articleSection":["Architecture","Tendances"],"inLanguage":"fr-FR"},{"@type":"WebPage","@id":"https:\/\/www.imagine-conception.com\/?p=66050","url":"https:\/\/www.imagine-conception.com\/?p=66050","name":"Un int\u00e9rieur design et contemporain en 3 \u00e9tapes\u00a0! - Imagine Conception","isPartOf":{"@id":"https:\/\/www.imagine-conception.com\/#website"},"primaryImageOfPage":{"@id":"https:\/\/www.imagine-conception.com\/?p=66050#primaryimage"},"image":{"@id":"https:\/\/www.imagine-conception.com\/?p=66050#primaryimage"},"thumbnailUrl":"https:\/\/www.imagine-conception.com\/wp-content\/uploads\/2019\/01\/design-interieur-comptemporain.jpg","datePublished":"2019-01-14T16:53:21+00:00","dateModified":"2019-01-14T16:54:34+00:00","description":"Les s\u00e9niors et l'architecture : la volont\u00e9 de vieillir le plus longtemps \u00e0 domicile a fait exploser le march\u00e9 de l\u2019adaptation du logement ...","breadcrumb":{"@id":"https:\/\/www.imagine-conception.com\/?p=66050#breadcrumb"},"inLanguage":"fr-FR","potentialAction":[{"@type":"ReadAction","target":["https:\/\/www.imagine-conception.com\/?p=66050"]}]},{"@type":"ImageObject","inLanguage":"fr-FR","@id":"https:\/\/www.imagine-conception.com\/?p=66050#primaryimage","url":"https:\/\/www.imagine-conception.com\/wp-content\/uploads\/2019\/01\/design-interieur-comptemporain.jpg","contentUrl":"https:\/\/www.imagine-conception.com\/wp-content\/uploads\/2019\/01\/design-interieur-comptemporain.jpg","width":960,"height":640},{"@type":"BreadcrumbList","@id":"https:\/\/www.imagine-conception.com\/?p=66050#breadcrumb","itemListElement":[{"@type":"ListItem","position":1,"name":"Accueil","item":"https:\/\/www.imagine-conception.com\/"},{"@type":"ListItem","position":2,"name":"Un int\u00e9rieur design et contemporain en 3 \u00e9tapes\u00a0!"}]},{"@type":"WebSite","@id":"https:\/\/www.imagine-conception.com\/#website","url":"https:\/\/www.imagine-conception.com\/","name":"Imagine Conception","description":"Architecte d&#039;int\u00e9rieur \u00e0 Toulouse","publisher":{"@id":"https:\/\/www.imagine-conception.com\/#organization"},"potentialAction":[{"@type":"SearchAction","target":{"@type":"EntryPoint","urlTemplate":"https:\/\/www.imagine-conception.com\/?s={search_term_string}"},"query-input":{"@type":"PropertyValueSpecification","valueRequired":true,"valueName":"search_term_string"}}],"inLanguage":"fr-FR"},{"@type":"Organization","@id":"https:\/\/www.imagine-conception.com\/#organization","name":"Imagine Conception","url":"https:\/\/www.imagine-conception.com\/","logo":{"@type":"ImageObject","inLanguage":"fr-FR","@id":"https:\/\/www.imagine-conception.com\/#\/schema\/logo\/image\/","url":"https:\/\/www.imagine-conception.com\/wp-content\/uploads\/2018\/03\/imagine-conception-logo-noir.svg","contentUrl":"https:\/\/www.imagine-conception.com\/wp-content\/uploads\/2018\/03\/imagine-conception-logo-noir.svg","width":1627485,"height":247029,"caption":"Imagine Conception"},"image":{"@id":"https:\/\/www.imagine-conception.com\/#\/schema\/logo\/image\/"},"sameAs":["https:\/\/www.facebook.com\/ImagineConception\/","https:\/\/www.instagram.com\/imagine_conception\/","https:\/\/fr.linkedin.com\/company\/imagine-conception"]},{"@type":"Person","@id":"https:\/\/www.imagine-conception.com\/#\/schema\/person\/106a7973407f50d435a2b4ed01f2adb5","name":"L'\u00e9quipe Imagine Conception","image":{"@type":"ImageObject","inLanguage":"fr-FR","@id":"https:\/\/secure.gravatar.com\/avatar\/7904878d84986fb0e542588418e777dbe693354056fabdc098933410a9562529?s=96&d=mm&r=g","url":"https:\/\/secure.gravatar.com\/avatar\/7904878d84986fb0e542588418e777dbe693354056fabdc098933410a9562529?s=96&d=mm&r=g","contentUrl":"https:\/\/secure.gravatar.com\/avatar\/7904878d84986fb0e542588418e777dbe693354056fabdc098933410a9562529?s=96&d=mm&r=g","caption":"L'\u00e9quipe Imagine Conception"},"url":"https:\/\/www.imagine-conception.com\/?author=1"}]}},"_links":{"self":[{"href":"https:\/\/www.imagine-conception.com\/index.php?rest_route=\/wp\/v2\/posts\/66050","targetHints":{"allow":["GET"]}}],"collection":[{"href":"https:\/\/www.imagine-conception.com\/index.php?rest_route=\/wp\/v2\/posts"}],"about":[{"href":"https:\/\/www.imagine-conception.com\/index.php?rest_route=\/wp\/v2\/types\/post"}],"author":[{"embeddable":true,"href":"https:\/\/www.imagine-conception.com\/index.php?rest_route=\/wp\/v2\/users\/1"}],"replies":[{"embeddable":true,"href":"https:\/\/www.imagine-conception.com\/index.php?rest_route=%2Fwp%2Fv2%2Fcomments&post=66050"}],"version-history":[{"count":5,"href":"https:\/\/www.imagine-conception.com\/index.php?rest_route=\/wp\/v2\/posts\/66050\/revisions"}],"predecessor-version":[{"id":66068,"href":"https:\/\/www.imagine-conception.com\/index.php?rest_route=\/wp\/v2\/posts\/66050\/revisions\/66068"}],"wp:featuredmedia":[{"embeddable":true,"href":"https:\/\/www.imagine-conception.com\/index.php?rest_route=\/wp\/v2\/media\/66065"}],"wp:attachment":[{"href":"https:\/\/www.imagine-conception.com\/index.php?rest_route=%2Fwp%2Fv2%2Fmedia&parent=66050"}],"wp:term":[{"taxonomy":"category","embeddable":true,"href":"https:\/\/www.imagine-conception.com\/index.php?rest_route=%2Fwp%2Fv2%2Fcategories&post=66050"},{"taxonomy":"post_tag","embeddable":true,"href":"https:\/\/www.imagine-conception.com\/index.php?rest_route=%2Fwp%2Fv2%2Ftags&post=66050"}],"curies":[{"name":"wp","href":"https:\/\/api.w.org\/{rel}","templated":true}]}}