{"id":66010,"date":"2018-08-21T15:56:17","date_gmt":"2018-08-21T15:56:17","guid":{"rendered":"http:\/\/www.imagine-conception.com\/?p=66010"},"modified":"2018-08-23T12:55:20","modified_gmt":"2018-08-23T12:55:20","slug":"petites-surfaces-comment-optimiser-lespace","status":"publish","type":"post","link":"https:\/\/www.imagine-conception.com\/?p=66010","title":{"rendered":"Petites surfaces\u00a0: comment optimiser l\u2019espace\u00a0?"},"content":{"rendered":"<div class=\"wpb-content-wrapper\"><p>[vc_row row_height_percent=\u00a0\u00bb0&Prime; override_padding=\u00a0\u00bbyes\u00a0\u00bb h_padding=\u00a0\u00bb2&Prime; top_padding=\u00a0\u00bb3&Prime; bottom_padding=\u00a0\u00bb3&Prime; overlay_alpha=\u00a0\u00bb100&Prime; gutter_size=\u00a0\u00bb3&Prime; shift_y=\u00a0\u00bb0&Prime; row_height_use_pixel=\u00a0\u00bb\u00a0\u00bb][vc_column column_width_use_pixel=\u00a0\u00bbyes\u00a0\u00bb overlay_alpha=\u00a0\u00bb50&Prime; gutter_size=\u00a0\u00bb3&Prime; medium_width=\u00a0\u00bb0&Prime; shift_x=\u00a0\u00bb0&Prime; shift_y=\u00a0\u00bb0&Prime; zoom_width=\u00a0\u00bb0&Prime; zoom_height=\u00a0\u00bb0&Prime; column_width_pixel=\u00a0\u00bb800&Prime;][vc_column_text]<\/p>\n<p class=\"p1\" style=\"text-align: justify;\"><span class=\"s1\">Contrairement aux id\u00e9es re\u00e7ues, les studios ou petits appartements ne sont pas r\u00e9serv\u00e9s qu\u2019au \u00e9tudiants. Dans un souci de budget ou simplement de minimalisme, de plus en plus de personnes font le choix de vivre dans une petite surface. Comment <b>optimiser l\u2019espace<\/b> et gagner de la place dans ces logements restreints\u00a0? On vous explique.<\/span><\/p>\n<p>[\/vc_column_text][vc_raw_html]JTNDY2VudGVyJTNFJTNDYSUyMGRhdGEtcGluLWRvJTNEJTIyZW1iZWRQaW4lMjIlMjBkYXRhLXBpbi1sYW5nJTNEJTIyZnIlMjIlMjBkYXRhLXBpbi13aWR0aCUzRCUyMmxhcmdlJTIyJTIwZGF0YS1waW4tdGVyc2UlM0QlMjJ0cnVlJTIyJTIwaHJlZiUzRCUyMmh0dHBzJTNBJTJGJTJGd3d3LnBpbnRlcmVzdC5jb20lMkZwaW4lMkYzNDg3NDc1NjQ4Nzg5MTAxMzclMkYlMjIlM0UlM0MlMkZhJTNFJTBBJTNDc2NyaXB0JTIwYXN5bmMlMjBkZWZlciUyMHNyYyUzRCUyMiUyRiUyRmFzc2V0cy5waW50ZXJlc3QuY29tJTJGanMlMkZwaW5pdC5qcyUyMiUzRSUzQyUyRnNjcmlwdCUzRSUzQyUyRmNlbnRlciUzRQ==[\/vc_raw_html][\/vc_column][\/vc_row][vc_row unlock_row=\u00a0\u00bb\u00a0\u00bb row_height_percent=\u00a0\u00bb0&Prime; override_padding=\u00a0\u00bbyes\u00a0\u00bb h_padding=\u00a0\u00bb2&Prime; top_padding=\u00a0\u00bb3&Prime; bottom_padding=\u00a0\u00bb3&Prime; overlay_alpha=\u00a0\u00bb100&Prime; gutter_size=\u00a0\u00bb3&Prime; shift_y=\u00a0\u00bb0&Prime; row_height_use_pixel=\u00a0\u00bb\u00a0\u00bb][vc_column column_width_use_pixel=\u00a0\u00bbyes\u00a0\u00bb overlay_alpha=\u00a0\u00bb50&Prime; gutter_size=\u00a0\u00bb3&Prime; medium_width=\u00a0\u00bb0&Prime; shift_x=\u00a0\u00bb0&Prime; shift_y=\u00a0\u00bb0&Prime; zoom_width=\u00a0\u00bb0&Prime; zoom_height=\u00a0\u00bb0&Prime; column_width_pixel=\u00a0\u00bb800&Prime;][vc_column_text]<\/p>\n<p class=\"p1\" style=\"text-align: justify;\"><span class=\"s1\">Si les possibilit\u00e9s d\u2019am\u00e9nagement dans de petites surfaces sont infinies, il est n\u00e9cessaire de r\u00e9pondre aux <b>deux besoins les plus importants\u00a0: le coin sommeil et le coin repas<\/b>. Il faut alors redoubler d\u2019astuces et d\u2019ing\u00e9niosit\u00e9 pour am\u00e9nager son espace en fonction de ces deux facteurs. <\/span><\/p>\n<p class=\"p1\" style=\"text-align: justify;\"><span class=\"s1\">La cl\u00e9 du gain de place dans un petit espace r\u00e9side dans <b>l\u2019utilisation de meubles modulables, multifonctions et escamotables<\/b>. Aujourd\u2019hui, ces derniers r\u00e9pondent de plus en plus aux exigences de style et parviennent \u00e0 allier <b>esth\u00e9tisme<\/b> et <b>praticit\u00e9<\/b>. On remarque des tables de rangement en bois ou des canap\u00e9-lits tr\u00e8s tendances dans nos magasins de d\u00e9coration et ameublement pr\u00e9f\u00e9r\u00e9s.<\/span><\/p>\n<p>[\/vc_column_text][\/vc_column][\/vc_row][vc_row][vc_column width=\u00a0\u00bb1\/2&Prime;][vc_raw_html]JTNDY2VudGVyJTNFJTNDYSUyMGRhdGEtcGluLWRvJTNEJTIyZW1iZWRQaW4lMjIlMjBkYXRhLXBpbi1sYW5nJTNEJTIyZnIlMjIlMjBkYXRhLXBpbi13aWR0aCUzRCUyMmxhcmdlJTIyJTIwZGF0YS1waW4tdGVyc2UlM0QlMjJ0cnVlJTIyJTIwaHJlZiUzRCUyMmh0dHBzJTNBJTJGJTJGd3d3LnBpbnRlcmVzdC5jb20lMkZwaW4lMkY1NjgyMjc2Nzc5NjU4MDg2NDklMkYlMjIlM0UlM0MlMkZhJTNFJTBBJTNDc2NyaXB0JTIwYXN5bmMlMjBkZWZlciUyMHNyYyUzRCUyMiUyRiUyRmFzc2V0cy5waW50ZXJlc3QuY29tJTJGanMlMkZwaW5pdC5qcyUyMiUzRSUzQyUyRnNjcmlwdCUzRSUzQyUyRmNlbnRlciUzRQ==[\/vc_raw_html][\/vc_column][vc_column width=\u00a0\u00bb1\/2&Prime;][vc_raw_html]JTNDY2VudGVyJTNFJTNDYSUyMGRhdGEtcGluLWRvJTNEJTIyZW1iZWRQaW4lMjIlMjBkYXRhLXBpbi1sYW5nJTNEJTIyZnIlMjIlMjBkYXRhLXBpbi13aWR0aCUzRCUyMmxhcmdlJTIyJTIwZGF0YS1waW4tdGVyc2UlM0QlMjJ0cnVlJTIyJTIwaHJlZiUzRCUyMmh0dHBzJTNBJTJGJTJGd3d3LnBpbnRlcmVzdC5jb20lMkZwaW4lMkYyOTMxNTYyNTY5ODYyOTUwODIlMkYlMjIlM0UlM0MlMkZhJTNFJTBBJTNDc2NyaXB0JTIwYXN5bmMlMjBkZWZlciUyMHNyYyUzRCUyMiUyRiUyRmFzc2V0cy5waW50ZXJlc3QuY29tJTJGanMlMkZwaW5pdC5qcyUyMiUzRSUzQyUyRnNjcmlwdCUzRSUyMCUzQyUyRmNlbnRlciUzRQ==[\/vc_raw_html][\/vc_column][\/vc_row][vc_row unlock_row=\u00a0\u00bb\u00a0\u00bb row_height_percent=\u00a0\u00bb0&Prime; override_padding=\u00a0\u00bbyes\u00a0\u00bb h_padding=\u00a0\u00bb2&Prime; top_padding=\u00a0\u00bb3&Prime; bottom_padding=\u00a0\u00bb3&Prime; overlay_alpha=\u00a0\u00bb100&Prime; gutter_size=\u00a0\u00bb3&Prime; shift_y=\u00a0\u00bb0&Prime; row_height_use_pixel=\u00a0\u00bb\u00a0\u00bb][vc_column column_width_use_pixel=\u00a0\u00bbyes\u00a0\u00bb overlay_alpha=\u00a0\u00bb50&Prime; gutter_size=\u00a0\u00bb3&Prime; medium_width=\u00a0\u00bb0&Prime; shift_x=\u00a0\u00bb0&Prime; shift_y=\u00a0\u00bb0&Prime; zoom_width=\u00a0\u00bb0&Prime; zoom_height=\u00a0\u00bb0&Prime; column_width_pixel=\u00a0\u00bb800&Prime;][vc_column_text]<\/p>\n<p class=\"p1\" style=\"text-align: justify;\"><span class=\"s1\">Le gain de place commence par <b>l\u2019entr\u00e9e<\/b>. Des rangements autour de la porte seront un atout majeur pour optimiser l\u2019espace et <b>\u00e9viter l\u2019encombrement<\/b>. On pense notamment \u00e0 des niches de rangement, des caissons \u00e0 chaussures et des placards int\u00e9gr\u00e9s pour les manteaux.<\/span><\/p>\n<p>[\/vc_column_text][vc_raw_html]JTNDY2VudGVyJTNFJTNDYSUyMGRhdGEtcGluLWRvJTNEJTIyZW1iZWRQaW4lMjIlMjBkYXRhLXBpbi1sYW5nJTNEJTIyZnIlMjIlMjBkYXRhLXBpbi13aWR0aCUzRCUyMmxhcmdlJTIyJTIwZGF0YS1waW4tdGVyc2UlM0QlMjJ0cnVlJTIyJTIwaHJlZiUzRCUyMmh0dHBzJTNBJTJGJTJGd3d3LnBpbnRlcmVzdC5jb20lMkZwaW4lMkYyOTM0Mzc3MzE5NDYxODkyOTUlMkYlMjIlM0UlM0MlMkZhJTNFJTBBJTBBJTNDc2NyaXB0JTIwYXN5bmMlMjBkZWZlciUyMHNyYyUzRCUyMiUyRiUyRmFzc2V0cy5waW50ZXJlc3QuY29tJTJGanMlMkZwaW5pdC5qcyUyMiUzRSUzQyUyRnNjcmlwdCUzRSUzQyUyRmNlbnRlciUzRQ==[\/vc_raw_html][\/vc_column][\/vc_row][vc_row unlock_row=\u00a0\u00bb\u00a0\u00bb row_height_percent=\u00a0\u00bb0&Prime; override_padding=\u00a0\u00bbyes\u00a0\u00bb h_padding=\u00a0\u00bb2&Prime; top_padding=\u00a0\u00bb3&Prime; bottom_padding=\u00a0\u00bb3&Prime; overlay_alpha=\u00a0\u00bb100&Prime; gutter_size=\u00a0\u00bb3&Prime; shift_y=\u00a0\u00bb0&Prime; row_height_use_pixel=\u00a0\u00bb\u00a0\u00bb][vc_column column_width_use_pixel=\u00a0\u00bbyes\u00a0\u00bb overlay_alpha=\u00a0\u00bb50&Prime; gutter_size=\u00a0\u00bb3&Prime; medium_width=\u00a0\u00bb0&Prime; shift_x=\u00a0\u00bb0&Prime; shift_y=\u00a0\u00bb0&Prime; zoom_width=\u00a0\u00bb0&Prime; zoom_height=\u00a0\u00bb0&Prime; column_width_pixel=\u00a0\u00bb800&Prime;][vc_column_text]<\/p>\n<p class=\"p1\" style=\"text-align: justify;\"><span class=\"s1\">Pour le <b>coin nuit<\/b>, le canap\u00e9-lit est l\u2019astuce la plus pratique en termes de gain de place gr\u00e2ce \u00e0 sa <b>multifonctionnalit\u00e9<\/b>. Si vous avez la chance de pouvoir distinguer coin salon et coin sommeil, optez pour un lit escamotable, une mezzanine, un lit sur estrade avec rangements tout autour, une t\u00eate de lit biblioth\u00e8que ou encore un cadre de lit s\u00e9parateur du reste de l\u2019espace.<\/span><\/p>\n<p>[\/vc_column_text][\/vc_column][\/vc_row][vc_row][vc_column width=\u00a0\u00bb1\/2&Prime;][vc_raw_html]JTNDY2VudGVyJTNFJTNDYSUyMGRhdGEtcGluLWRvJTNEJTIyZW1iZWRQaW4lMjIlMjBkYXRhLXBpbi1sYW5nJTNEJTIyZnIlMjIlMjBkYXRhLXBpbi13aWR0aCUzRCUyMmxhcmdlJTIyJTIwaHJlZiUzRCUyMmh0dHBzJTNBJTJGJTJGd3d3LnBpbnRlcmVzdC5jb20lMkZwaW4lMkY1MjU2NTQ1ODc3NDAxMzAxNjElMkYlMjIlM0UlM0MlMkZhJTNFJTBBJTBBJTNDc2NyaXB0JTIwYXN5bmMlMjBkZWZlciUyMHNyYyUzRCUyMiUyRiUyRmFzc2V0cy5waW50ZXJlc3QuY29tJTJGanMlMkZwaW5pdC5qcyUyMiUzRSUzQyUyRnNjcmlwdCUzRSUzQyUyRmNlbnRlciUzRQ==[\/vc_raw_html][\/vc_column][vc_column width=\u00a0\u00bb1\/2&Prime;][vc_raw_html]JTNDY2VudGVyJTNFJTNDYSUyMGRhdGEtcGluLWRvJTNEJTIyZW1iZWRQaW4lMjIlMjBkYXRhLXBpbi1sYW5nJTNEJTIyZnIlMjIlMjBkYXRhLXBpbi13aWR0aCUzRCUyMmxhcmdlJTIyJTIwZGF0YS1waW4tdGVyc2UlM0QlMjJ0cnVlJTIyJTIwaHJlZiUzRCUyMmh0dHBzJTNBJTJGJTJGd3d3LnBpbnRlcmVzdC5jb20lMkZwaW4lMkY1NDc3NTAzNzM0MTIzNDE2NTUlMkYlMjIlM0UlM0MlMkZhJTNFJTBBJTBBJTNDc2NyaXB0JTIwYXN5bmMlMjBkZWZlciUyMHNyYyUzRCUyMiUyRiUyRmFzc2V0cy5waW50ZXJlc3QuY29tJTJGanMlMkZwaW5pdC5qcyUyMiUzRSUzQyUyRnNjcmlwdCUzRSUyMCUzQyUyRmNlbnRlciUzRQ==[\/vc_raw_html][\/vc_column][\/vc_row][vc_row unlock_row=\u00a0\u00bb\u00a0\u00bb row_height_percent=\u00a0\u00bb0&Prime; override_padding=\u00a0\u00bbyes\u00a0\u00bb h_padding=\u00a0\u00bb2&Prime; top_padding=\u00a0\u00bb3&Prime; bottom_padding=\u00a0\u00bb3&Prime; overlay_alpha=\u00a0\u00bb100&Prime; gutter_size=\u00a0\u00bb3&Prime; shift_y=\u00a0\u00bb0&Prime; row_height_use_pixel=\u00a0\u00bb\u00a0\u00bb][vc_column column_width_use_pixel=\u00a0\u00bbyes\u00a0\u00bb overlay_alpha=\u00a0\u00bb50&Prime; gutter_size=\u00a0\u00bb3&Prime; medium_width=\u00a0\u00bb0&Prime; shift_x=\u00a0\u00bb0&Prime; shift_y=\u00a0\u00bb0&Prime; zoom_width=\u00a0\u00bb0&Prime; zoom_height=\u00a0\u00bb0&Prime; column_width_pixel=\u00a0\u00bb800&Prime;][vc_column_text]<\/p>\n<p class=\"p2\" style=\"text-align: justify;\"><span class=\"s2\">Pour le <b>coin repas<\/b>, l\u2019optimisation de l\u2019espace passe par des <b>am\u00e9nagements astucieux<\/b>. Si votre espace est vraiment restreint, choisissez une table r\u00e9tractable que vous ne d\u00e9pliez que pour manger. Un bar est \u00e9galement une solution ing\u00e9nieuse en tant qu\u2019il peut servir \u00e0 la fois comme support de repas, de travail, mais \u00e9galement de cloison entre la cuisine et le reste de l\u2019espace. Optez \u00e9galement pour des prises escamotables, qui \u00e9viteront les multiprises encombrantes dans votre espace. <\/span><\/p>\n<p>[\/vc_column_text][\/vc_column][\/vc_row][vc_row][vc_column width=\u00a0\u00bb1\/2&Prime;][vc_raw_html]JTNDY2VudGVyJTNFJTNDYSUyMGRhdGEtcGluLWRvJTNEJTIyZW1iZWRQaW4lMjIlMjBkYXRhLXBpbi1sYW5nJTNEJTIyZnIlMjIlMjBkYXRhLXBpbi13aWR0aCUzRCUyMmxhcmdlJTIyJTIwZGF0YS1waW4tdGVyc2UlM0QlMjJ0cnVlJTIyJTIwaHJlZiUzRCUyMmh0dHBzJTNBJTJGJTJGd3d3LnBpbnRlcmVzdC5jb20lMkZwaW4lMkYxMDI0NTY5NjAyNTMzMzAzMzYlMkYlMjIlM0UlM0MlMkZhJTNFJTBBJTBBJTNDc2NyaXB0JTIwYXN5bmMlMjBkZWZlciUyMHNyYyUzRCUyMiUyRiUyRmFzc2V0cy5waW50ZXJlc3QuY29tJTJGanMlMkZwaW5pdC5qcyUyMiUzRSUzQyUyRnNjcmlwdCUzRSUyMCUzQyUyRmNlbnRlciUzRQ==[\/vc_raw_html][\/vc_column][vc_column width=\u00a0\u00bb1\/2&Prime;][vc_raw_html]JTNDY2VudGVyJTNFJTNDYSUyMGRhdGEtcGluLWRvJTNEJTIyZW1iZWRQaW4lMjIlMjBkYXRhLXBpbi1sYW5nJTNEJTIyZnIlMjIlMjBkYXRhLXBpbi13aWR0aCUzRCUyMmxhcmdlJTIyJTIwZGF0YS1waW4tdGVyc2UlM0QlMjJ0cnVlJTIyJTIwaHJlZiUzRCUyMmh0dHBzJTNBJTJGJTJGd3d3LnBpbnRlcmVzdC5jb20lMkZwaW4lMkY2MjEwNzQ2MDQ4MzczMzM2OTElMkYlMjIlM0UlM0MlMkZhJTNFJTBBJTBBJTNDc2NyaXB0JTIwYXN5bmMlMjBkZWZlciUyMHNyYyUzRCUyMiUyRiUyRmFzc2V0cy5waW50ZXJlc3QuY29tJTJGanMlMkZwaW5pdC5qcyUyMiUzRSUzQyUyRnNjcmlwdCUzRSUzQyUyRmNlbnRlciUzRQ==[\/vc_raw_html][\/vc_column][\/vc_row][vc_row unlock_row=\u00a0\u00bb\u00a0\u00bb row_height_percent=\u00a0\u00bb0&Prime; override_padding=\u00a0\u00bbyes\u00a0\u00bb h_padding=\u00a0\u00bb2&Prime; top_padding=\u00a0\u00bb3&Prime; bottom_padding=\u00a0\u00bb3&Prime; overlay_alpha=\u00a0\u00bb100&Prime; gutter_size=\u00a0\u00bb3&Prime; shift_y=\u00a0\u00bb0&Prime; row_height_use_pixel=\u00a0\u00bb\u00a0\u00bb][vc_column column_width_use_pixel=\u00a0\u00bbyes\u00a0\u00bb overlay_alpha=\u00a0\u00bb50&Prime; gutter_size=\u00a0\u00bb3&Prime; medium_width=\u00a0\u00bb0&Prime; shift_x=\u00a0\u00bb0&Prime; shift_y=\u00a0\u00bb0&Prime; zoom_width=\u00a0\u00bb0&Prime; zoom_height=\u00a0\u00bb0&Prime; column_width_pixel=\u00a0\u00bb800&Prime;][vc_column_text]<\/p>\n<p class=\"p1\" style=\"text-align: justify;\"><span class=\"s1\">De mani\u00e8re plus g\u00e9n\u00e9rale, le gain de place passe par un <b>d\u00e9cloisonnement de l\u2019espace<\/b> tout en <b>s\u00e9parant certains espaces de mani\u00e8re habile<\/b>. Optez par exemple pour un <b>rideau<\/b> s\u00e9parant le coin nuit du reste de l\u2019espace, ou cachant vos \u00e9tag\u00e8res apparentes. Les <b>biblioth\u00e8ques<\/b>, les <b>paravents<\/b> ou les <b>plantes<\/b> sont une bonne mani\u00e8re de s\u00e9parer l\u00e9g\u00e8rement les espaces de votre petite surface, sans pour autant trop cloisonner. Enfin, penchez-vous sur la question des <b>portes coulissantes<\/b>, plus ch\u00e8res certes mais tr\u00e8s pratiques en termes de gain de place et de praticit\u00e9 dans votre espace. <\/span><\/p>\n<p class=\"p1\" style=\"text-align: justify;\"><span class=\"s1\">Optimiser l\u2019espace d\u2019une petite surface passe donc par des <b>am\u00e9nagements astucieux<\/b> et l\u2019utilisation de <b>meubles multifonctionnels<\/b>, qui donnent l\u2019illusion d\u2019un <b>espace structur\u00e9<\/b> <b>mais d\u00e9gag\u00e9<\/b>.<\/span><\/p>\n<p>[\/vc_column_text][\/vc_column][\/vc_row][vc_row][vc_column width=\u00a0\u00bb1\/1&Prime;][vc_raw_html]JTNDY2VudGVyJTNFJTNDYSUyMGRhdGEtcGluLWRvJTNEJTIyZW1iZWRQaW4lMjIlMjBkYXRhLXBpbi1sYW5nJTNEJTIyZnIlMjIlMjBkYXRhLXBpbi13aWR0aCUzRCUyMmxhcmdlJTIyJTIwZGF0YS1waW4tdGVyc2UlM0QlMjJ0cnVlJTIyJTIwaHJlZiUzRCUyMmh0dHBzJTNBJTJGJTJGd3d3LnBpbnRlcmVzdC5jb20lMkZwaW4lMkY0NDE5MTU3ODIxNjY4NTk4NjYlMkYlMjIlM0UlM0MlMkZhJTNFJTBBJTBBJTNDc2NyaXB0JTIwYXN5bmMlMjBkZWZlciUyMHNyYyUzRCUyMiUyRiUyRmFzc2V0cy5waW50ZXJlc3QuY29tJTJGanMlMkZwaW5pdC5qcyUyMiUzRSUzQyUyRnNjcmlwdCUzRSUyMCUzQyUyRmNlbnRlciUzRQ==[\/vc_raw_html][\/vc_column][\/vc_row][vc_row][vc_column width=\u00a0\u00bb5\/6&Prime;][vc_custom_heading text_size=\u00a0\u00bbfontsize-155944&Prime;]<span class=\"font-762333\">DISCUTONS DE VOTRE PROJET !<\/span>[\/vc_custom_heading][\/vc_column][vc_column width=\u00a0\u00bb1\/6&Prime;][vc_button button_color=\u00a0\u00bbcolor-jevc\u00a0\u00bb size=\u00a0\u00bbbtn-lg\u00a0\u00bb border_width=\u00a0\u00bb0&Prime; link=\u00a0\u00bburl:http%3A%2F%2Fwww.imagine-conception.fr%2Fpages%2Fcontact%2F|||\u00a0\u00bb]Contact[\/vc_button][\/vc_column][\/vc_row]<\/p>\n<\/div>","protected":false},"excerpt":{"rendered":"<p>Dans un souci de budget ou simplement de minimalisme, de plus en plus de personnes font le choix de vivre dans une petite surface.<\/p>\n","protected":false},"author":1,"featured_media":66021,"comment_status":"closed","ping_status":"open","sticky":false,"template":"","format":"standard","meta":{"footnotes":""},"categories":[102,108],"tags":[103,107,110,114,115,116],"class_list":["post-66010","post","type-post","status-publish","format-standard","has-post-thumbnail","hentry","category-architecture","category-amenagement-dinterieur","tag-architecture","tag-conseils","tag-amenagement-dinterieur","tag-deco","tag-petits-espaces","tag-optimisation-de-lespace"],"yoast_head":"<!-- This site is optimized with the Yoast SEO plugin v27.2 - https:\/\/yoast.com\/product\/yoast-seo-wordpress\/ -->\n<title>Petites surfaces\u00a0: comment optimiser l\u2019espace\u00a0? - Imagine Conception<\/title>\n<meta name=\"description\" content=\"Contrairement aux id\u00e9es re\u00e7ues, les studios ou petits appartements ne sont pas r\u00e9serv\u00e9s qu\u2019au \u00e9tudiants. Dans un souci de budget ou simplement de ...\" \/>\n<meta name=\"robots\" content=\"index, follow, max-snippet:-1, max-image-preview:large, max-video-preview:-1\" \/>\n<link rel=\"canonical\" href=\"https:\/\/www.imagine-conception.com\/?p=66010\" \/>\n<meta property=\"og:locale\" content=\"fr_FR\" \/>\n<meta property=\"og:type\" content=\"article\" \/>\n<meta property=\"og:title\" content=\"Petites surfaces\u00a0: comment optimiser l\u2019espace\u00a0? - Imagine Conception\" \/>\n<meta property=\"og:description\" content=\"Contrairement aux id\u00e9es re\u00e7ues, les studios ou petits appartements ne sont pas r\u00e9serv\u00e9s qu\u2019au \u00e9tudiants. Dans un souci de budget ou simplement de ...\" \/>\n<meta property=\"og:url\" content=\"https:\/\/www.imagine-conception.com\/?p=66010\" \/>\n<meta property=\"og:site_name\" content=\"Imagine Conception\" \/>\n<meta property=\"article:publisher\" content=\"https:\/\/www.facebook.com\/ImagineConception\/\" \/>\n<meta property=\"article:published_time\" content=\"2018-08-21T15:56:17+00:00\" \/>\n<meta property=\"article:modified_time\" content=\"2018-08-23T12:55:20+00:00\" \/>\n<meta property=\"og:image\" content=\"https:\/\/www.imagine-conception.com\/wp-content\/uploads\/2018\/08\/optimiser-petits-espaces.jpg\" \/>\n\t<meta property=\"og:image:width\" content=\"1920\" \/>\n\t<meta property=\"og:image:height\" content=\"1080\" \/>\n\t<meta property=\"og:image:type\" content=\"image\/jpeg\" \/>\n<meta name=\"author\" content=\"L&#039;\u00e9quipe Imagine Conception\" \/>\n<meta name=\"twitter:card\" content=\"summary_large_image\" \/>\n<meta name=\"twitter:label1\" content=\"\u00c9crit par\" \/>\n\t<meta name=\"twitter:data1\" content=\"L&#039;\u00e9quipe Imagine Conception\" \/>\n\t<meta name=\"twitter:label2\" content=\"Dur\u00e9e de lecture estim\u00e9e\" \/>\n\t<meta name=\"twitter:data2\" content=\"7 minutes\" \/>\n<script type=\"application\/ld+json\" class=\"yoast-schema-graph\">{\"@context\":\"https:\/\/schema.org\",\"@graph\":[{\"@type\":\"Article\",\"@id\":\"https:\/\/www.imagine-conception.com\/?p=66010#article\",\"isPartOf\":{\"@id\":\"https:\/\/www.imagine-conception.com\/?p=66010\"},\"author\":{\"name\":\"L'\u00e9quipe Imagine Conception\",\"@id\":\"https:\/\/www.imagine-conception.com\/#\/schema\/person\/106a7973407f50d435a2b4ed01f2adb5\"},\"headline\":\"Petites surfaces\u00a0: comment optimiser l\u2019espace\u00a0?\",\"datePublished\":\"2018-08-21T15:56:17+00:00\",\"dateModified\":\"2018-08-23T12:55:20+00:00\",\"mainEntityOfPage\":{\"@id\":\"https:\/\/www.imagine-conception.com\/?p=66010\"},\"wordCount\":1365,\"publisher\":{\"@id\":\"https:\/\/www.imagine-conception.com\/#organization\"},\"image\":{\"@id\":\"https:\/\/www.imagine-conception.com\/?p=66010#primaryimage\"},\"thumbnailUrl\":\"https:\/\/www.imagine-conception.com\/wp-content\/uploads\/2018\/08\/optimiser-petits-espaces.jpg\",\"keywords\":[\"Architecture\",\"Conseils\",\"Am\u00e9nagement d'int\u00e9rieur\",\"D\u00e9co\",\"Petits espaces\",\"Optimisation de l'espace\"],\"articleSection\":[\"Architecture\",\"Am\u00e9nagement d'int\u00e9rieur\"],\"inLanguage\":\"fr-FR\"},{\"@type\":\"WebPage\",\"@id\":\"https:\/\/www.imagine-conception.com\/?p=66010\",\"url\":\"https:\/\/www.imagine-conception.com\/?p=66010\",\"name\":\"Petites surfaces\u00a0: comment optimiser l\u2019espace\u00a0? - Imagine Conception\",\"isPartOf\":{\"@id\":\"https:\/\/www.imagine-conception.com\/#website\"},\"primaryImageOfPage\":{\"@id\":\"https:\/\/www.imagine-conception.com\/?p=66010#primaryimage\"},\"image\":{\"@id\":\"https:\/\/www.imagine-conception.com\/?p=66010#primaryimage\"},\"thumbnailUrl\":\"https:\/\/www.imagine-conception.com\/wp-content\/uploads\/2018\/08\/optimiser-petits-espaces.jpg\",\"datePublished\":\"2018-08-21T15:56:17+00:00\",\"dateModified\":\"2018-08-23T12:55:20+00:00\",\"description\":\"Contrairement aux id\u00e9es re\u00e7ues, les studios ou petits appartements ne sont pas r\u00e9serv\u00e9s qu\u2019au \u00e9tudiants. Dans un souci de budget ou simplement de ...\",\"breadcrumb\":{\"@id\":\"https:\/\/www.imagine-conception.com\/?p=66010#breadcrumb\"},\"inLanguage\":\"fr-FR\",\"potentialAction\":[{\"@type\":\"ReadAction\",\"target\":[\"https:\/\/www.imagine-conception.com\/?p=66010\"]}]},{\"@type\":\"ImageObject\",\"inLanguage\":\"fr-FR\",\"@id\":\"https:\/\/www.imagine-conception.com\/?p=66010#primaryimage\",\"url\":\"https:\/\/www.imagine-conception.com\/wp-content\/uploads\/2018\/08\/optimiser-petits-espaces.jpg\",\"contentUrl\":\"https:\/\/www.imagine-conception.com\/wp-content\/uploads\/2018\/08\/optimiser-petits-espaces.jpg\",\"width\":1920,\"height\":1080},{\"@type\":\"BreadcrumbList\",\"@id\":\"https:\/\/www.imagine-conception.com\/?p=66010#breadcrumb\",\"itemListElement\":[{\"@type\":\"ListItem\",\"position\":1,\"name\":\"Accueil\",\"item\":\"https:\/\/www.imagine-conception.com\/\"},{\"@type\":\"ListItem\",\"position\":2,\"name\":\"Petites surfaces\u00a0: comment optimiser l\u2019espace\u00a0?\"}]},{\"@type\":\"WebSite\",\"@id\":\"https:\/\/www.imagine-conception.com\/#website\",\"url\":\"https:\/\/www.imagine-conception.com\/\",\"name\":\"Imagine Conception\",\"description\":\"Architecte d&#039;int\u00e9rieur \u00e0 Toulouse\",\"publisher\":{\"@id\":\"https:\/\/www.imagine-conception.com\/#organization\"},\"potentialAction\":[{\"@type\":\"SearchAction\",\"target\":{\"@type\":\"EntryPoint\",\"urlTemplate\":\"https:\/\/www.imagine-conception.com\/?s={search_term_string}\"},\"query-input\":{\"@type\":\"PropertyValueSpecification\",\"valueRequired\":true,\"valueName\":\"search_term_string\"}}],\"inLanguage\":\"fr-FR\"},{\"@type\":\"Organization\",\"@id\":\"https:\/\/www.imagine-conception.com\/#organization\",\"name\":\"Imagine Conception\",\"url\":\"https:\/\/www.imagine-conception.com\/\",\"logo\":{\"@type\":\"ImageObject\",\"inLanguage\":\"fr-FR\",\"@id\":\"https:\/\/www.imagine-conception.com\/#\/schema\/logo\/image\/\",\"url\":\"https:\/\/www.imagine-conception.com\/wp-content\/uploads\/2018\/03\/imagine-conception-logo-noir.svg\",\"contentUrl\":\"https:\/\/www.imagine-conception.com\/wp-content\/uploads\/2018\/03\/imagine-conception-logo-noir.svg\",\"width\":1627485,\"height\":247029,\"caption\":\"Imagine Conception\"},\"image\":{\"@id\":\"https:\/\/www.imagine-conception.com\/#\/schema\/logo\/image\/\"},\"sameAs\":[\"https:\/\/www.facebook.com\/ImagineConception\/\",\"https:\/\/www.instagram.com\/imagine_conception\/\",\"https:\/\/fr.linkedin.com\/company\/imagine-conception\"]},{\"@type\":\"Person\",\"@id\":\"https:\/\/www.imagine-conception.com\/#\/schema\/person\/106a7973407f50d435a2b4ed01f2adb5\",\"name\":\"L'\u00e9quipe Imagine Conception\",\"image\":{\"@type\":\"ImageObject\",\"inLanguage\":\"fr-FR\",\"@id\":\"https:\/\/secure.gravatar.com\/avatar\/7904878d84986fb0e542588418e777dbe693354056fabdc098933410a9562529?s=96&d=mm&r=g\",\"url\":\"https:\/\/secure.gravatar.com\/avatar\/7904878d84986fb0e542588418e777dbe693354056fabdc098933410a9562529?s=96&d=mm&r=g\",\"contentUrl\":\"https:\/\/secure.gravatar.com\/avatar\/7904878d84986fb0e542588418e777dbe693354056fabdc098933410a9562529?s=96&d=mm&r=g\",\"caption\":\"L'\u00e9quipe Imagine Conception\"},\"url\":\"https:\/\/www.imagine-conception.com\/?author=1\"}]}<\/script>\n<!-- \/ Yoast SEO plugin. -->","yoast_head_json":{"title":"Petites surfaces\u00a0: comment optimiser l\u2019espace\u00a0? - Imagine Conception","description":"Contrairement aux id\u00e9es re\u00e7ues, les studios ou petits appartements ne sont pas r\u00e9serv\u00e9s qu\u2019au \u00e9tudiants. Dans un souci de budget ou simplement de ...","robots":{"index":"index","follow":"follow","max-snippet":"max-snippet:-1","max-image-preview":"max-image-preview:large","max-video-preview":"max-video-preview:-1"},"canonical":"https:\/\/www.imagine-conception.com\/?p=66010","og_locale":"fr_FR","og_type":"article","og_title":"Petites surfaces\u00a0: comment optimiser l\u2019espace\u00a0? - Imagine Conception","og_description":"Contrairement aux id\u00e9es re\u00e7ues, les studios ou petits appartements ne sont pas r\u00e9serv\u00e9s qu\u2019au \u00e9tudiants. Dans un souci de budget ou simplement de ...","og_url":"https:\/\/www.imagine-conception.com\/?p=66010","og_site_name":"Imagine Conception","article_publisher":"https:\/\/www.facebook.com\/ImagineConception\/","article_published_time":"2018-08-21T15:56:17+00:00","article_modified_time":"2018-08-23T12:55:20+00:00","og_image":[{"width":1920,"height":1080,"url":"https:\/\/www.imagine-conception.com\/wp-content\/uploads\/2018\/08\/optimiser-petits-espaces.jpg","type":"image\/jpeg"}],"author":"L'\u00e9quipe Imagine Conception","twitter_card":"summary_large_image","twitter_misc":{"\u00c9crit par":"L'\u00e9quipe Imagine Conception","Dur\u00e9e de lecture estim\u00e9e":"7 minutes"},"schema":{"@context":"https:\/\/schema.org","@graph":[{"@type":"Article","@id":"https:\/\/www.imagine-conception.com\/?p=66010#article","isPartOf":{"@id":"https:\/\/www.imagine-conception.com\/?p=66010"},"author":{"name":"L'\u00e9quipe Imagine Conception","@id":"https:\/\/www.imagine-conception.com\/#\/schema\/person\/106a7973407f50d435a2b4ed01f2adb5"},"headline":"Petites surfaces\u00a0: comment optimiser l\u2019espace\u00a0?","datePublished":"2018-08-21T15:56:17+00:00","dateModified":"2018-08-23T12:55:20+00:00","mainEntityOfPage":{"@id":"https:\/\/www.imagine-conception.com\/?p=66010"},"wordCount":1365,"publisher":{"@id":"https:\/\/www.imagine-conception.com\/#organization"},"image":{"@id":"https:\/\/www.imagine-conception.com\/?p=66010#primaryimage"},"thumbnailUrl":"https:\/\/www.imagine-conception.com\/wp-content\/uploads\/2018\/08\/optimiser-petits-espaces.jpg","keywords":["Architecture","Conseils","Am\u00e9nagement d'int\u00e9rieur","D\u00e9co","Petits espaces","Optimisation de l'espace"],"articleSection":["Architecture","Am\u00e9nagement d'int\u00e9rieur"],"inLanguage":"fr-FR"},{"@type":"WebPage","@id":"https:\/\/www.imagine-conception.com\/?p=66010","url":"https:\/\/www.imagine-conception.com\/?p=66010","name":"Petites surfaces\u00a0: comment optimiser l\u2019espace\u00a0? - Imagine Conception","isPartOf":{"@id":"https:\/\/www.imagine-conception.com\/#website"},"primaryImageOfPage":{"@id":"https:\/\/www.imagine-conception.com\/?p=66010#primaryimage"},"image":{"@id":"https:\/\/www.imagine-conception.com\/?p=66010#primaryimage"},"thumbnailUrl":"https:\/\/www.imagine-conception.com\/wp-content\/uploads\/2018\/08\/optimiser-petits-espaces.jpg","datePublished":"2018-08-21T15:56:17+00:00","dateModified":"2018-08-23T12:55:20+00:00","description":"Contrairement aux id\u00e9es re\u00e7ues, les studios ou petits appartements ne sont pas r\u00e9serv\u00e9s qu\u2019au \u00e9tudiants. Dans un souci de budget ou simplement de ...","breadcrumb":{"@id":"https:\/\/www.imagine-conception.com\/?p=66010#breadcrumb"},"inLanguage":"fr-FR","potentialAction":[{"@type":"ReadAction","target":["https:\/\/www.imagine-conception.com\/?p=66010"]}]},{"@type":"ImageObject","inLanguage":"fr-FR","@id":"https:\/\/www.imagine-conception.com\/?p=66010#primaryimage","url":"https:\/\/www.imagine-conception.com\/wp-content\/uploads\/2018\/08\/optimiser-petits-espaces.jpg","contentUrl":"https:\/\/www.imagine-conception.com\/wp-content\/uploads\/2018\/08\/optimiser-petits-espaces.jpg","width":1920,"height":1080},{"@type":"BreadcrumbList","@id":"https:\/\/www.imagine-conception.com\/?p=66010#breadcrumb","itemListElement":[{"@type":"ListItem","position":1,"name":"Accueil","item":"https:\/\/www.imagine-conception.com\/"},{"@type":"ListItem","position":2,"name":"Petites surfaces\u00a0: comment optimiser l\u2019espace\u00a0?"}]},{"@type":"WebSite","@id":"https:\/\/www.imagine-conception.com\/#website","url":"https:\/\/www.imagine-conception.com\/","name":"Imagine Conception","description":"Architecte d&#039;int\u00e9rieur \u00e0 Toulouse","publisher":{"@id":"https:\/\/www.imagine-conception.com\/#organization"},"potentialAction":[{"@type":"SearchAction","target":{"@type":"EntryPoint","urlTemplate":"https:\/\/www.imagine-conception.com\/?s={search_term_string}"},"query-input":{"@type":"PropertyValueSpecification","valueRequired":true,"valueName":"search_term_string"}}],"inLanguage":"fr-FR"},{"@type":"Organization","@id":"https:\/\/www.imagine-conception.com\/#organization","name":"Imagine Conception","url":"https:\/\/www.imagine-conception.com\/","logo":{"@type":"ImageObject","inLanguage":"fr-FR","@id":"https:\/\/www.imagine-conception.com\/#\/schema\/logo\/image\/","url":"https:\/\/www.imagine-conception.com\/wp-content\/uploads\/2018\/03\/imagine-conception-logo-noir.svg","contentUrl":"https:\/\/www.imagine-conception.com\/wp-content\/uploads\/2018\/03\/imagine-conception-logo-noir.svg","width":1627485,"height":247029,"caption":"Imagine Conception"},"image":{"@id":"https:\/\/www.imagine-conception.com\/#\/schema\/logo\/image\/"},"sameAs":["https:\/\/www.facebook.com\/ImagineConception\/","https:\/\/www.instagram.com\/imagine_conception\/","https:\/\/fr.linkedin.com\/company\/imagine-conception"]},{"@type":"Person","@id":"https:\/\/www.imagine-conception.com\/#\/schema\/person\/106a7973407f50d435a2b4ed01f2adb5","name":"L'\u00e9quipe Imagine Conception","image":{"@type":"ImageObject","inLanguage":"fr-FR","@id":"https:\/\/secure.gravatar.com\/avatar\/7904878d84986fb0e542588418e777dbe693354056fabdc098933410a9562529?s=96&d=mm&r=g","url":"https:\/\/secure.gravatar.com\/avatar\/7904878d84986fb0e542588418e777dbe693354056fabdc098933410a9562529?s=96&d=mm&r=g","contentUrl":"https:\/\/secure.gravatar.com\/avatar\/7904878d84986fb0e542588418e777dbe693354056fabdc098933410a9562529?s=96&d=mm&r=g","caption":"L'\u00e9quipe Imagine Conception"},"url":"https:\/\/www.imagine-conception.com\/?author=1"}]}},"_links":{"self":[{"href":"https:\/\/www.imagine-conception.com\/index.php?rest_route=\/wp\/v2\/posts\/66010","targetHints":{"allow":["GET"]}}],"collection":[{"href":"https:\/\/www.imagine-conception.com\/index.php?rest_route=\/wp\/v2\/posts"}],"about":[{"href":"https:\/\/www.imagine-conception.com\/index.php?rest_route=\/wp\/v2\/types\/post"}],"author":[{"embeddable":true,"href":"https:\/\/www.imagine-conception.com\/index.php?rest_route=\/wp\/v2\/users\/1"}],"replies":[{"embeddable":true,"href":"https:\/\/www.imagine-conception.com\/index.php?rest_route=%2Fwp%2Fv2%2Fcomments&post=66010"}],"version-history":[{"count":5,"href":"https:\/\/www.imagine-conception.com\/index.php?rest_route=\/wp\/v2\/posts\/66010\/revisions"}],"predecessor-version":[{"id":66022,"href":"https:\/\/www.imagine-conception.com\/index.php?rest_route=\/wp\/v2\/posts\/66010\/revisions\/66022"}],"wp:featuredmedia":[{"embeddable":true,"href":"https:\/\/www.imagine-conception.com\/index.php?rest_route=\/wp\/v2\/media\/66021"}],"wp:attachment":[{"href":"https:\/\/www.imagine-conception.com\/index.php?rest_route=%2Fwp%2Fv2%2Fmedia&parent=66010"}],"wp:term":[{"taxonomy":"category","embeddable":true,"href":"https:\/\/www.imagine-conception.com\/index.php?rest_route=%2Fwp%2Fv2%2Fcategories&post=66010"},{"taxonomy":"post_tag","embeddable":true,"href":"https:\/\/www.imagine-conception.com\/index.php?rest_route=%2Fwp%2Fv2%2Ftags&post=66010"}],"curies":[{"name":"wp","href":"https:\/\/api.w.org\/{rel}","templated":true}]}}