{"id":65922,"date":"2018-06-27T09:10:45","date_gmt":"2018-06-27T09:10:45","guid":{"rendered":"http:\/\/www.imagine-conception.fr\/?p=65922"},"modified":"2019-01-14T16:30:47","modified_gmt":"2019-01-14T16:30:47","slug":"2019-living-coral","status":"publish","type":"post","link":"https:\/\/www.imagine-conception.com\/?p=65922","title":{"rendered":"2019 sera Living Coral\u00a0!"},"content":{"rendered":"<div class=\"wpb-content-wrapper\"><p>[vc_row row_height_percent=\u00a0\u00bb0&Prime; override_padding=\u00a0\u00bbyes\u00a0\u00bb h_padding=\u00a0\u00bb2&Prime; top_padding=\u00a0\u00bb3&Prime; bottom_padding=\u00a0\u00bb1&Prime; overlay_alpha=\u00a0\u00bb100&Prime; gutter_size=\u00a0\u00bb3&Prime; column_width_percent=\u00a0\u00bb100&Prime; shift_y=\u00a0\u00bb0&Prime; z_index=\u00a0\u00bb0&Prime; row_height_use_pixel=\u00a0\u00bb\u00a0\u00bb][vc_column column_width_use_pixel=\u00a0\u00bbyes\u00a0\u00bb overlay_alpha=\u00a0\u00bb50&Prime; gutter_size=\u00a0\u00bb3&Prime; medium_width=\u00a0\u00bb0&Prime; shift_x=\u00a0\u00bb0&Prime; shift_y=\u00a0\u00bb0&Prime; zoom_width=\u00a0\u00bb0&Prime; zoom_height=\u00a0\u00bb0&Prime; column_width_pixel=\u00a0\u00bb800&Prime;][vc_column_text]<\/p>\n<h2 class=\"p1\" style=\"text-align: justify;\"><em>Comme \u00e0 chaque d\u00e9but d\u2019ann\u00e9e depuis maintenant 20 ans, c\u2019est Pantone qui donne le ton avec la couleur de l\u2019ann\u00e9e. Apr\u00e8s Ultra-violet de 2018, c\u2019est Living Coral qui s\u2019imposera en 2018\u00a0! Corail aux nuances dor\u00e9es, il envahira bient\u00f4t les domaines de la mode, de la beaut\u00e9, mais surtout, de l\u2019am\u00e9nagement d\u2019int\u00e9rieur.<\/em><\/h2>\n<p>[\/vc_column_text][\/vc_column][\/vc_row][vc_row unlock_row=\u00a0\u00bb\u00a0\u00bb row_height_percent=\u00a0\u00bb0&Prime; override_padding=\u00a0\u00bbyes\u00a0\u00bb h_padding=\u00a0\u00bb2&Prime; top_padding=\u00a0\u00bb3&Prime; bottom_padding=\u00a0\u00bb3&Prime; overlay_alpha=\u00a0\u00bb100&Prime; gutter_size=\u00a0\u00bb3&Prime; shift_y=\u00a0\u00bb0&Prime; row_height_use_pixel=\u00a0\u00bb\u00a0\u00bb][vc_column column_width_use_pixel=\u00a0\u00bbyes\u00a0\u00bb overlay_alpha=\u00a0\u00bb50&Prime; gutter_size=\u00a0\u00bb3&Prime; medium_width=\u00a0\u00bb0&Prime; shift_x=\u00a0\u00bb0&Prime; shift_y=\u00a0\u00bb0&Prime; zoom_width=\u00a0\u00bb0&Prime; zoom_height=\u00a0\u00bb0&Prime; column_width_pixel=\u00a0\u00bb800&Prime;][vc_column_text]<\/p>\n<p style=\"text-align: justify;\">Pleine d\u2019\u00e9nergie, cette couleur vitamin\u00e9e sera plus facile \u00e0 manier que l\u2019ultra-violet, notamment en int\u00e9rieur. Les plus audacieux le mettront aux murs, en peinture monochrome ou en papier-peint, d\u00e9clin\u00e9 en motifs ou en brut de brut. P\u00e9tillant, le Ling Coral adoucira votre int\u00e9rieur tout en lui donnant relief et cachet.<\/p>\n<p style=\"text-align: justify;\">Dans la tendance du South Scandinavian qui met \u00e0 l\u2019honneur les couleurs chaudes, les nuances de rouge\u00a0s\u2019approprient l\u2019int\u00e9rieur, les teintes\u00a0terre cuite\u00a0se sont install\u00e9es durablement et les roses prennent des nuances orang\u00e9es.<\/p>\n<p style=\"text-align: justify;\">Pour les plus prudents, Living Coral pourra se d\u00e9cliner en petites touches. En petit pan de mur elle donnera du relief et de la structure. Dans votre d\u00e9coration, elle a apportera ga\u00eet\u00e9 et originalit\u00e9. Couleur optimiste, elle ravira l\u2019int\u00e9rieur gr\u00e2ce \u00e0 ses tons chauds quelque soit la saison.<\/p>\n<p>[\/vc_column_text][\/vc_column][\/vc_row][vc_row unlock_row=\u00a0\u00bb\u00a0\u00bb row_height_percent=\u00a0\u00bb0&Prime; override_padding=\u00a0\u00bbyes\u00a0\u00bb h_padding=\u00a0\u00bb2&Prime; top_padding=\u00a0\u00bb0&Prime; bottom_padding=\u00a0\u00bb0&Prime; overlay_alpha=\u00a0\u00bb100&Prime; gutter_size=\u00a0\u00bb3&Prime; shift_y=\u00a0\u00bb0&Prime; row_height_use_pixel=\u00a0\u00bb\u00a0\u00bb][vc_column column_width_use_pixel=\u00a0\u00bbyes\u00a0\u00bb overlay_alpha=\u00a0\u00bb50&Prime; gutter_size=\u00a0\u00bb3&Prime; medium_width=\u00a0\u00bb0&Prime; shift_x=\u00a0\u00bb0&Prime; shift_y=\u00a0\u00bb0&Prime; zoom_width=\u00a0\u00bb0&Prime; zoom_height=\u00a0\u00bb0&Prime; width=\u00a0\u00bb1\/2&Prime;][vc_raw_html]JTNDY2VudGVyJTNFJTIwJTNDJTNDYSUyMGRhdGEtcGluLWRvJTNEJTIyZW1iZWRQaW4lMjIlMjBkYXRhLXBpbi1sYW5nJTNEJTIyZnIlMjIlMjBkYXRhLXBpbi13aWR0aCUzRCUyMmxhcmdlJTIyJTIwZGF0YS1waW4tdGVyc2UlM0QlMjJ0cnVlJTIyJTIwaHJlZiUzRCUyMmh0dHBzJTNBJTJGJTJGd3d3LnBpbnRlcmVzdC5jb20lMkZwaW4lMkY0MjU2NjA2MDIyNzgzNjEzMzklMkYlMjIlM0UlM0MlMkZhJTNFJTBBJTBBJTNDc2NyaXB0JTIwYXN5bmMlMjBkZWZlciUyMHNyYyUzRCUyMiUyRiUyRmFzc2V0cy5waW50ZXJlc3QuY29tJTJGanMlMkZwaW5pdC5qcyUyMiUzRSUzQyUyRnNjcmlwdCUzRSUzQ2NlbnRlciUyRiUzRQ==[\/vc_raw_html][vc_column_text]<\/p>\n<p class=\"p1\" style=\"text-align: center;\"><strong><span class=\"s1\">Living Coral de Pantone<\/span><\/strong><\/p>\n<p>[\/vc_column_text][\/vc_column][vc_column width=\u00a0\u00bb1\/2&Prime;][vc_raw_html]JTNDY2VudGVyJTNFJTNDYSUyMGRhdGEtcGluLWRvJTNEJTIyZW1iZWRQaW4lMjIlMjBkYXRhLXBpbi1sYW5nJTNEJTIyZnIlMjIlMjBkYXRhLXBpbi13aWR0aCUzRCUyMm1lZGl1bSUyMiUyMGRhdGEtcGluLXRlcnNlJTNEJTIydHJ1ZSUyMiUyMGhyZWYlM0QlMjJodHRwcyUzQSUyRiUyRnd3dy5waW50ZXJlc3QuY29tJTJGcGluJTJGNzQ5NjM4MzAwNDUyMDc4NjYwJTJGJTIyJTNFJTNDJTJGYSUzRSUwQSUwQSUzQ3NjcmlwdCUyMGFzeW5jJTIwZGVmZXIlMjBzcmMlM0QlMjIlMkYlMkZhc3NldHMucGludGVyZXN0LmNvbSUyRmpzJTJGcGluaXQuanMlMjIlM0UlM0MlMkZzY3JpcHQlM0UlM0NjZW50ZXIlMkYlM0U=[\/vc_raw_html][vc_column_text]<\/p>\n<p class=\"p1\" style=\"text-align: center;\"><strong><span class=\"s1\">Miroir corail dans cette entr\u00e9e aux couleurs claires<\/span><\/strong><\/p>\n<p>[\/vc_column_text][\/vc_column][\/vc_row][vc_row][vc_column width=\u00a0\u00bb1\/1&Prime;][vc_empty_space empty_h=\u00a0\u00bb2&Prime;][\/vc_column][\/vc_row][vc_row unlock_row=\u00a0\u00bb\u00a0\u00bb row_height_percent=\u00a0\u00bb0&Prime; override_padding=\u00a0\u00bbyes\u00a0\u00bb h_padding=\u00a0\u00bb2&Prime; top_padding=\u00a0\u00bb0&Prime; bottom_padding=\u00a0\u00bb0&Prime; overlay_alpha=\u00a0\u00bb100&Prime; gutter_size=\u00a0\u00bb3&Prime; shift_y=\u00a0\u00bb0&Prime; row_height_use_pixel=\u00a0\u00bb\u00a0\u00bb][vc_column column_width_use_pixel=\u00a0\u00bbyes\u00a0\u00bb overlay_alpha=\u00a0\u00bb50&Prime; gutter_size=\u00a0\u00bb3&Prime; medium_width=\u00a0\u00bb0&Prime; shift_x=\u00a0\u00bb0&Prime; shift_y=\u00a0\u00bb0&Prime; zoom_width=\u00a0\u00bb0&Prime; zoom_height=\u00a0\u00bb0&Prime; width=\u00a0\u00bb1\/2&Prime;][vc_raw_html]JTNDY2VudGVyJTNFJTIwJTNDYSUyMGRhdGEtcGluLWRvJTNEJTIyZW1iZWRQaW4lMjIlMjBkYXRhLXBpbi1sYW5nJTNEJTIyZnIlMjIlMjBkYXRhLXBpbi13aWR0aCUzRCUyMm1lZGl1bSUyMiUyMGRhdGEtcGluLXRlcnNlJTNEJTIydHJ1ZSUyMiUyMGhyZWYlM0QlMjJodHRwcyUzQSUyRiUyRnd3dy5waW50ZXJlc3QuY29tJTJGcGluJTJGMjk1NTU1NTk5MTYyOTkzMCUyRiUyMiUzRSUzQyUyRmElM0UlMEElMEElM0NzY3JpcHQlMjBhc3luYyUyMGRlZmVyJTIwc3JjJTNEJTIyJTJGJTJGYXNzZXRzLnBpbnRlcmVzdC5jb20lMkZqcyUyRnBpbml0LmpzJTIyJTNFJTNDJTJGc2NyaXB0JTNFJTIwJTNDY2VudGVyJTJGJTNF[\/vc_raw_html][vc_column_text]<\/p>\n<p class=\"p1\" style=\"text-align: center;\"><strong><span class=\"s1\">Living Coral en petites touches sur cette porte \u00e0 moulures<\/span><\/strong><\/p>\n<p>[\/vc_column_text][\/vc_column][vc_column width=\u00a0\u00bb1\/2&Prime;][vc_raw_html]JTNDY2VudGVyJTNFJTNDYSUyMGRhdGEtcGluLWRvJTNEJTIyZW1iZWRQaW4lMjIlMjBkYXRhLXBpbi1sYW5nJTNEJTIyZnIlMjIlMjBkYXRhLXBpbi13aWR0aCUzRCUyMmxhcmdlJTIyJTIwZGF0YS1waW4tdGVyc2UlM0QlMjJ0cnVlJTIyJTIwaHJlZiUzRCUyMmh0dHBzJTNBJTJGJTJGd3d3LnBpbnRlcmVzdC5jb20lMkZwaW4lMkYyOTU1NTU1OTkxNjI5OTMzJTJGJTIyJTNFJTNDJTJGYSUzRSUwQSUwQSUzQ3NjcmlwdCUyMGFzeW5jJTIwZGVmZXIlMjBzcmMlM0QlMjIlMkYlMkZhc3NldHMucGludGVyZXN0LmNvbSUyRmpzJTJGcGluaXQuanMlMjIlM0UlM0MlMkZzY3JpcHQlM0UlM0NjZW50ZXIlMkYlM0U=[\/vc_raw_html][vc_column_text]<\/p>\n<p class=\"p1\" style=\"text-align: center;\"><strong><span class=\"s1\">Living Coral au mur de cette salle \u00e0 manger parisienne<\/span><\/strong><\/p>\n<p>[\/vc_column_text][\/vc_column][\/vc_row][vc_row unlock_row=\u00a0\u00bb\u00a0\u00bb row_height_percent=\u00a0\u00bb0&Prime; override_padding=\u00a0\u00bbyes\u00a0\u00bb h_padding=\u00a0\u00bb2&Prime; top_padding=\u00a0\u00bb3&Prime; bottom_padding=\u00a0\u00bb3&Prime; overlay_alpha=\u00a0\u00bb100&Prime; gutter_size=\u00a0\u00bb3&Prime; shift_y=\u00a0\u00bb0&Prime; row_height_use_pixel=\u00a0\u00bb\u00a0\u00bb][vc_column column_width_use_pixel=\u00a0\u00bbyes\u00a0\u00bb overlay_alpha=\u00a0\u00bb50&Prime; gutter_size=\u00a0\u00bb3&Prime; medium_width=\u00a0\u00bb0&Prime; shift_x=\u00a0\u00bb0&Prime; shift_y=\u00a0\u00bb0&Prime; zoom_width=\u00a0\u00bb0&Prime; zoom_height=\u00a0\u00bb0&Prime; column_width_pixel=\u00a0\u00bb800&Prime;][vc_custom_heading heading_semantic=\u00a0\u00bbh3&Prime;]Quelle r\u00e9flexion autour de Living Coral\u00a0?[\/vc_custom_heading][vc_custom_heading heading_semantic=\u00a0\u00bbp\u00a0\u00bb text_size=\u00a0\u00bb\u00a0\u00bb]Dans un monde de plus en plus englob\u00e9 par les technologies num\u00e9riques et les r\u00e9seaux sociaux, l\u2019individu a de plus en plus soif d\u2019authenticit\u00e9, de lien avec les autres et d\u2019intimit\u00e9. Living Coral, a \u00e9t\u00e9 cr\u00e9\u00e9e dans l\u2019optique de cr\u00e9er une atmosph\u00e8re joyeuse, engageante et g\u00e9n\u00e9ratrice d\u2019activit\u00e9s joyeuses. Finalement, c\u2019est pleine de l\u00e9g\u00e8ret\u00e9 que Living Coral inspire l\u2019optimisme.<\/p>\n<p><em><strong>\u00ab\u00a0Living Coral \u00e9voque la familiarit\u00e9 et l\u2019\u00e9nergie des couleurs pr\u00e9sentes dans la nature. Bien que difficile \u00e0 contempler, l\u2019aspect que prend sous la mer cette couleur vivifiante et effervescente capte le regard et hypnotise l\u2019esprit. Au centre d\u2019un \u00e9cosyst\u00e8me naturellement vif et chromatique, la Living Coral Pantone \u00e9voque le kal\u00e9idoscope de couleurs qu\u2019abritent les r\u00e9cifs coralliens.\u00a0\u00bb<\/strong><\/em> &#8211; Pantone.[\/vc_custom_heading][\/vc_column][\/vc_row]<\/p>\n<\/div>","protected":false},"excerpt":{"rendered":"<p>Apr\u00e8s Ultra-violet de 2018, c\u2019est Living Coral qui s\u2019imposera en 2018\u00a0!<\/p>\n","protected":false},"author":1,"featured_media":66049,"comment_status":"closed","ping_status":"open","sticky":false,"template":"","format":"standard","meta":{"footnotes":""},"categories":[102,120],"tags":[103,117,118,119],"class_list":["post-65922","post","type-post","status-publish","format-standard","has-post-thumbnail","hentry","category-architecture","category-tendances","tag-architecture","tag-tendances","tag-pantone","tag-living-coral"],"yoast_head":"<!-- This site is optimized with the Yoast SEO plugin v27.2 - https:\/\/yoast.com\/product\/yoast-seo-wordpress\/ -->\n<title>2019 sera Living Coral\u00a0! - Imagine Conception<\/title>\n<meta name=\"description\" content=\"Les s\u00e9niors et l&#039;architecture : la volont\u00e9 de vieillir le plus longtemps \u00e0 domicile a fait exploser le march\u00e9 de l\u2019adaptation du logement ...\" \/>\n<meta name=\"robots\" content=\"index, follow, max-snippet:-1, max-image-preview:large, max-video-preview:-1\" \/>\n<link rel=\"canonical\" href=\"https:\/\/www.imagine-conception.com\/?p=65922\" \/>\n<meta property=\"og:locale\" content=\"fr_FR\" \/>\n<meta property=\"og:type\" content=\"article\" \/>\n<meta property=\"og:title\" content=\"2019 sera Living Coral\u00a0! - Imagine Conception\" \/>\n<meta property=\"og:description\" content=\"Les s\u00e9niors et l&#039;architecture : la volont\u00e9 de vieillir le plus longtemps \u00e0 domicile a fait exploser le march\u00e9 de l\u2019adaptation du logement ...\" \/>\n<meta property=\"og:url\" content=\"https:\/\/www.imagine-conception.com\/?p=65922\" \/>\n<meta property=\"og:site_name\" content=\"Imagine Conception\" \/>\n<meta property=\"article:publisher\" content=\"https:\/\/www.facebook.com\/ImagineConception\/\" \/>\n<meta property=\"article:published_time\" content=\"2018-06-27T09:10:45+00:00\" \/>\n<meta property=\"article:modified_time\" content=\"2019-01-14T16:30:47+00:00\" \/>\n<meta property=\"og:image\" content=\"https:\/\/www.imagine-conception.com\/wp-content\/uploads\/2018\/06\/header-blog-living-coral.jpg\" \/>\n\t<meta property=\"og:image:width\" content=\"960\" \/>\n\t<meta property=\"og:image:height\" content=\"720\" \/>\n\t<meta property=\"og:image:type\" content=\"image\/jpeg\" \/>\n<meta name=\"author\" content=\"L&#039;\u00e9quipe Imagine Conception\" \/>\n<meta name=\"twitter:card\" content=\"summary_large_image\" \/>\n<meta name=\"twitter:label1\" content=\"\u00c9crit par\" \/>\n\t<meta name=\"twitter:data1\" content=\"L&#039;\u00e9quipe Imagine Conception\" \/>\n\t<meta name=\"twitter:label2\" content=\"Dur\u00e9e de lecture estim\u00e9e\" \/>\n\t<meta name=\"twitter:data2\" content=\"4 minutes\" \/>\n<script type=\"application\/ld+json\" class=\"yoast-schema-graph\">{\"@context\":\"https:\/\/schema.org\",\"@graph\":[{\"@type\":\"Article\",\"@id\":\"https:\/\/www.imagine-conception.com\/?p=65922#article\",\"isPartOf\":{\"@id\":\"https:\/\/www.imagine-conception.com\/?p=65922\"},\"author\":{\"name\":\"L'\u00e9quipe Imagine Conception\",\"@id\":\"https:\/\/www.imagine-conception.com\/#\/schema\/person\/106a7973407f50d435a2b4ed01f2adb5\"},\"headline\":\"2019 sera Living Coral\u00a0!\",\"datePublished\":\"2018-06-27T09:10:45+00:00\",\"dateModified\":\"2019-01-14T16:30:47+00:00\",\"mainEntityOfPage\":{\"@id\":\"https:\/\/www.imagine-conception.com\/?p=65922\"},\"wordCount\":900,\"publisher\":{\"@id\":\"https:\/\/www.imagine-conception.com\/#organization\"},\"image\":{\"@id\":\"https:\/\/www.imagine-conception.com\/?p=65922#primaryimage\"},\"thumbnailUrl\":\"https:\/\/www.imagine-conception.com\/wp-content\/uploads\/2018\/06\/header-blog-living-coral.jpg\",\"keywords\":[\"Architecture\",\"tendances\",\"Pantone\",\"Living Coral\"],\"articleSection\":[\"Architecture\",\"Tendances\"],\"inLanguage\":\"fr-FR\"},{\"@type\":\"WebPage\",\"@id\":\"https:\/\/www.imagine-conception.com\/?p=65922\",\"url\":\"https:\/\/www.imagine-conception.com\/?p=65922\",\"name\":\"2019 sera Living Coral\u00a0! - Imagine Conception\",\"isPartOf\":{\"@id\":\"https:\/\/www.imagine-conception.com\/#website\"},\"primaryImageOfPage\":{\"@id\":\"https:\/\/www.imagine-conception.com\/?p=65922#primaryimage\"},\"image\":{\"@id\":\"https:\/\/www.imagine-conception.com\/?p=65922#primaryimage\"},\"thumbnailUrl\":\"https:\/\/www.imagine-conception.com\/wp-content\/uploads\/2018\/06\/header-blog-living-coral.jpg\",\"datePublished\":\"2018-06-27T09:10:45+00:00\",\"dateModified\":\"2019-01-14T16:30:47+00:00\",\"description\":\"Les s\u00e9niors et l'architecture : la volont\u00e9 de vieillir le plus longtemps \u00e0 domicile a fait exploser le march\u00e9 de l\u2019adaptation du logement ...\",\"breadcrumb\":{\"@id\":\"https:\/\/www.imagine-conception.com\/?p=65922#breadcrumb\"},\"inLanguage\":\"fr-FR\",\"potentialAction\":[{\"@type\":\"ReadAction\",\"target\":[\"https:\/\/www.imagine-conception.com\/?p=65922\"]}]},{\"@type\":\"ImageObject\",\"inLanguage\":\"fr-FR\",\"@id\":\"https:\/\/www.imagine-conception.com\/?p=65922#primaryimage\",\"url\":\"https:\/\/www.imagine-conception.com\/wp-content\/uploads\/2018\/06\/header-blog-living-coral.jpg\",\"contentUrl\":\"https:\/\/www.imagine-conception.com\/wp-content\/uploads\/2018\/06\/header-blog-living-coral.jpg\",\"width\":960,\"height\":720},{\"@type\":\"BreadcrumbList\",\"@id\":\"https:\/\/www.imagine-conception.com\/?p=65922#breadcrumb\",\"itemListElement\":[{\"@type\":\"ListItem\",\"position\":1,\"name\":\"Accueil\",\"item\":\"https:\/\/www.imagine-conception.com\/\"},{\"@type\":\"ListItem\",\"position\":2,\"name\":\"2019 sera Living Coral\u00a0!\"}]},{\"@type\":\"WebSite\",\"@id\":\"https:\/\/www.imagine-conception.com\/#website\",\"url\":\"https:\/\/www.imagine-conception.com\/\",\"name\":\"Imagine Conception\",\"description\":\"Architecte d&#039;int\u00e9rieur \u00e0 Toulouse\",\"publisher\":{\"@id\":\"https:\/\/www.imagine-conception.com\/#organization\"},\"potentialAction\":[{\"@type\":\"SearchAction\",\"target\":{\"@type\":\"EntryPoint\",\"urlTemplate\":\"https:\/\/www.imagine-conception.com\/?s={search_term_string}\"},\"query-input\":{\"@type\":\"PropertyValueSpecification\",\"valueRequired\":true,\"valueName\":\"search_term_string\"}}],\"inLanguage\":\"fr-FR\"},{\"@type\":\"Organization\",\"@id\":\"https:\/\/www.imagine-conception.com\/#organization\",\"name\":\"Imagine Conception\",\"url\":\"https:\/\/www.imagine-conception.com\/\",\"logo\":{\"@type\":\"ImageObject\",\"inLanguage\":\"fr-FR\",\"@id\":\"https:\/\/www.imagine-conception.com\/#\/schema\/logo\/image\/\",\"url\":\"https:\/\/www.imagine-conception.com\/wp-content\/uploads\/2018\/03\/imagine-conception-logo-noir.svg\",\"contentUrl\":\"https:\/\/www.imagine-conception.com\/wp-content\/uploads\/2018\/03\/imagine-conception-logo-noir.svg\",\"width\":1627485,\"height\":247029,\"caption\":\"Imagine Conception\"},\"image\":{\"@id\":\"https:\/\/www.imagine-conception.com\/#\/schema\/logo\/image\/\"},\"sameAs\":[\"https:\/\/www.facebook.com\/ImagineConception\/\",\"https:\/\/www.instagram.com\/imagine_conception\/\",\"https:\/\/fr.linkedin.com\/company\/imagine-conception\"]},{\"@type\":\"Person\",\"@id\":\"https:\/\/www.imagine-conception.com\/#\/schema\/person\/106a7973407f50d435a2b4ed01f2adb5\",\"name\":\"L'\u00e9quipe Imagine Conception\",\"image\":{\"@type\":\"ImageObject\",\"inLanguage\":\"fr-FR\",\"@id\":\"https:\/\/secure.gravatar.com\/avatar\/7904878d84986fb0e542588418e777dbe693354056fabdc098933410a9562529?s=96&d=mm&r=g\",\"url\":\"https:\/\/secure.gravatar.com\/avatar\/7904878d84986fb0e542588418e777dbe693354056fabdc098933410a9562529?s=96&d=mm&r=g\",\"contentUrl\":\"https:\/\/secure.gravatar.com\/avatar\/7904878d84986fb0e542588418e777dbe693354056fabdc098933410a9562529?s=96&d=mm&r=g\",\"caption\":\"L'\u00e9quipe Imagine Conception\"},\"url\":\"https:\/\/www.imagine-conception.com\/?author=1\"}]}<\/script>\n<!-- \/ Yoast SEO plugin. -->","yoast_head_json":{"title":"2019 sera Living Coral\u00a0! - Imagine Conception","description":"Les s\u00e9niors et l'architecture : la volont\u00e9 de vieillir le plus longtemps \u00e0 domicile a fait exploser le march\u00e9 de l\u2019adaptation du logement ...","robots":{"index":"index","follow":"follow","max-snippet":"max-snippet:-1","max-image-preview":"max-image-preview:large","max-video-preview":"max-video-preview:-1"},"canonical":"https:\/\/www.imagine-conception.com\/?p=65922","og_locale":"fr_FR","og_type":"article","og_title":"2019 sera Living Coral\u00a0! - Imagine Conception","og_description":"Les s\u00e9niors et l'architecture : la volont\u00e9 de vieillir le plus longtemps \u00e0 domicile a fait exploser le march\u00e9 de l\u2019adaptation du logement ...","og_url":"https:\/\/www.imagine-conception.com\/?p=65922","og_site_name":"Imagine Conception","article_publisher":"https:\/\/www.facebook.com\/ImagineConception\/","article_published_time":"2018-06-27T09:10:45+00:00","article_modified_time":"2019-01-14T16:30:47+00:00","og_image":[{"width":960,"height":720,"url":"https:\/\/www.imagine-conception.com\/wp-content\/uploads\/2018\/06\/header-blog-living-coral.jpg","type":"image\/jpeg"}],"author":"L'\u00e9quipe Imagine Conception","twitter_card":"summary_large_image","twitter_misc":{"\u00c9crit par":"L'\u00e9quipe Imagine Conception","Dur\u00e9e de lecture estim\u00e9e":"4 minutes"},"schema":{"@context":"https:\/\/schema.org","@graph":[{"@type":"Article","@id":"https:\/\/www.imagine-conception.com\/?p=65922#article","isPartOf":{"@id":"https:\/\/www.imagine-conception.com\/?p=65922"},"author":{"name":"L'\u00e9quipe Imagine Conception","@id":"https:\/\/www.imagine-conception.com\/#\/schema\/person\/106a7973407f50d435a2b4ed01f2adb5"},"headline":"2019 sera Living Coral\u00a0!","datePublished":"2018-06-27T09:10:45+00:00","dateModified":"2019-01-14T16:30:47+00:00","mainEntityOfPage":{"@id":"https:\/\/www.imagine-conception.com\/?p=65922"},"wordCount":900,"publisher":{"@id":"https:\/\/www.imagine-conception.com\/#organization"},"image":{"@id":"https:\/\/www.imagine-conception.com\/?p=65922#primaryimage"},"thumbnailUrl":"https:\/\/www.imagine-conception.com\/wp-content\/uploads\/2018\/06\/header-blog-living-coral.jpg","keywords":["Architecture","tendances","Pantone","Living Coral"],"articleSection":["Architecture","Tendances"],"inLanguage":"fr-FR"},{"@type":"WebPage","@id":"https:\/\/www.imagine-conception.com\/?p=65922","url":"https:\/\/www.imagine-conception.com\/?p=65922","name":"2019 sera Living Coral\u00a0! - Imagine Conception","isPartOf":{"@id":"https:\/\/www.imagine-conception.com\/#website"},"primaryImageOfPage":{"@id":"https:\/\/www.imagine-conception.com\/?p=65922#primaryimage"},"image":{"@id":"https:\/\/www.imagine-conception.com\/?p=65922#primaryimage"},"thumbnailUrl":"https:\/\/www.imagine-conception.com\/wp-content\/uploads\/2018\/06\/header-blog-living-coral.jpg","datePublished":"2018-06-27T09:10:45+00:00","dateModified":"2019-01-14T16:30:47+00:00","description":"Les s\u00e9niors et l'architecture : la volont\u00e9 de vieillir le plus longtemps \u00e0 domicile a fait exploser le march\u00e9 de l\u2019adaptation du logement ...","breadcrumb":{"@id":"https:\/\/www.imagine-conception.com\/?p=65922#breadcrumb"},"inLanguage":"fr-FR","potentialAction":[{"@type":"ReadAction","target":["https:\/\/www.imagine-conception.com\/?p=65922"]}]},{"@type":"ImageObject","inLanguage":"fr-FR","@id":"https:\/\/www.imagine-conception.com\/?p=65922#primaryimage","url":"https:\/\/www.imagine-conception.com\/wp-content\/uploads\/2018\/06\/header-blog-living-coral.jpg","contentUrl":"https:\/\/www.imagine-conception.com\/wp-content\/uploads\/2018\/06\/header-blog-living-coral.jpg","width":960,"height":720},{"@type":"BreadcrumbList","@id":"https:\/\/www.imagine-conception.com\/?p=65922#breadcrumb","itemListElement":[{"@type":"ListItem","position":1,"name":"Accueil","item":"https:\/\/www.imagine-conception.com\/"},{"@type":"ListItem","position":2,"name":"2019 sera Living Coral\u00a0!"}]},{"@type":"WebSite","@id":"https:\/\/www.imagine-conception.com\/#website","url":"https:\/\/www.imagine-conception.com\/","name":"Imagine Conception","description":"Architecte d&#039;int\u00e9rieur \u00e0 Toulouse","publisher":{"@id":"https:\/\/www.imagine-conception.com\/#organization"},"potentialAction":[{"@type":"SearchAction","target":{"@type":"EntryPoint","urlTemplate":"https:\/\/www.imagine-conception.com\/?s={search_term_string}"},"query-input":{"@type":"PropertyValueSpecification","valueRequired":true,"valueName":"search_term_string"}}],"inLanguage":"fr-FR"},{"@type":"Organization","@id":"https:\/\/www.imagine-conception.com\/#organization","name":"Imagine Conception","url":"https:\/\/www.imagine-conception.com\/","logo":{"@type":"ImageObject","inLanguage":"fr-FR","@id":"https:\/\/www.imagine-conception.com\/#\/schema\/logo\/image\/","url":"https:\/\/www.imagine-conception.com\/wp-content\/uploads\/2018\/03\/imagine-conception-logo-noir.svg","contentUrl":"https:\/\/www.imagine-conception.com\/wp-content\/uploads\/2018\/03\/imagine-conception-logo-noir.svg","width":1627485,"height":247029,"caption":"Imagine Conception"},"image":{"@id":"https:\/\/www.imagine-conception.com\/#\/schema\/logo\/image\/"},"sameAs":["https:\/\/www.facebook.com\/ImagineConception\/","https:\/\/www.instagram.com\/imagine_conception\/","https:\/\/fr.linkedin.com\/company\/imagine-conception"]},{"@type":"Person","@id":"https:\/\/www.imagine-conception.com\/#\/schema\/person\/106a7973407f50d435a2b4ed01f2adb5","name":"L'\u00e9quipe Imagine Conception","image":{"@type":"ImageObject","inLanguage":"fr-FR","@id":"https:\/\/secure.gravatar.com\/avatar\/7904878d84986fb0e542588418e777dbe693354056fabdc098933410a9562529?s=96&d=mm&r=g","url":"https:\/\/secure.gravatar.com\/avatar\/7904878d84986fb0e542588418e777dbe693354056fabdc098933410a9562529?s=96&d=mm&r=g","contentUrl":"https:\/\/secure.gravatar.com\/avatar\/7904878d84986fb0e542588418e777dbe693354056fabdc098933410a9562529?s=96&d=mm&r=g","caption":"L'\u00e9quipe Imagine Conception"},"url":"https:\/\/www.imagine-conception.com\/?author=1"}]}},"_links":{"self":[{"href":"https:\/\/www.imagine-conception.com\/index.php?rest_route=\/wp\/v2\/posts\/65922","targetHints":{"allow":["GET"]}}],"collection":[{"href":"https:\/\/www.imagine-conception.com\/index.php?rest_route=\/wp\/v2\/posts"}],"about":[{"href":"https:\/\/www.imagine-conception.com\/index.php?rest_route=\/wp\/v2\/types\/post"}],"author":[{"embeddable":true,"href":"https:\/\/www.imagine-conception.com\/index.php?rest_route=\/wp\/v2\/users\/1"}],"replies":[{"embeddable":true,"href":"https:\/\/www.imagine-conception.com\/index.php?rest_route=%2Fwp%2Fv2%2Fcomments&post=65922"}],"version-history":[{"count":5,"href":"https:\/\/www.imagine-conception.com\/index.php?rest_route=\/wp\/v2\/posts\/65922\/revisions"}],"predecessor-version":[{"id":65944,"href":"https:\/\/www.imagine-conception.com\/index.php?rest_route=\/wp\/v2\/posts\/65922\/revisions\/65944"}],"wp:featuredmedia":[{"embeddable":true,"href":"https:\/\/www.imagine-conception.com\/index.php?rest_route=\/wp\/v2\/media\/66049"}],"wp:attachment":[{"href":"https:\/\/www.imagine-conception.com\/index.php?rest_route=%2Fwp%2Fv2%2Fmedia&parent=65922"}],"wp:term":[{"taxonomy":"category","embeddable":true,"href":"https:\/\/www.imagine-conception.com\/index.php?rest_route=%2Fwp%2Fv2%2Fcategories&post=65922"},{"taxonomy":"post_tag","embeddable":true,"href":"https:\/\/www.imagine-conception.com\/index.php?rest_route=%2Fwp%2Fv2%2Ftags&post=65922"}],"curies":[{"name":"wp","href":"https:\/\/api.w.org\/{rel}","templated":true}]}}